{"id":55462,"date":"2015-07-16T06:03:13","date_gmt":"2015-07-16T04:03:13","guid":{"rendered":"http:\/\/www.leccecronaca.it\/?p=55462"},"modified":"2015-07-14T12:46:57","modified_gmt":"2015-07-14T10:46:57","slug":"concerti-il-folk-punk-salentino-dei-la-rocha-al-loro-esordio-discografico-venerdi-17","status":"publish","type":"post","link":"https:\/\/www.leccecronaca.it\/index.php\/2015\/07\/16\/concerti-il-folk-punk-salentino-dei-la-rocha-al-loro-esordio-discografico-venerdi-17\/","title":{"rendered":"CONCERTI \/ IL FOLK &#8211; PUNK SALENTINO DEI &#8216;LA ROCHA&#8217; AL LORO ESORDIO DISCOGRAFICO VENERDI&#8217; 17"},"content":{"rendered":"<p><a href=\"https:\/\/www.leccecronaca.it\/wordpress\/wp-content\/uploads\/2015\/07\/11162202_855754471139421_6749807827516102593_n.jpg\"><img decoding=\"async\" loading=\"lazy\" width=\"960\" height=\"540\" title=\"11162202_855754471139421_6749807827516102593_n\" class=\"alignright size-full wp-image-55463\" alt=\"\" src=\"https:\/\/www.leccecronaca.it\/wordpress\/wp-content\/uploads\/2015\/07\/11162202_855754471139421_6749807827516102593_n.jpg\" srcset=\"https:\/\/www.leccecronaca.it\/wordpress\/wp-content\/uploads\/2015\/07\/11162202_855754471139421_6749807827516102593_n.jpg 960w, https:\/\/www.leccecronaca.it\/wordpress\/wp-content\/uploads\/2015\/07\/11162202_855754471139421_6749807827516102593_n-300x168.jpg 300w\" sizes=\"(max-width: 960px) 100vw, 960px\" \/><\/a>Venerd\u00ec 17 luglio, alle\u00a021.00, a Martano, localit\u00e0 Kurumuny, ci sar\u00e0 la presentazione del disco d&#8217;esordio omonimo del collettivo folk punk salentino &#8220;La Rocha&#8221; (nella foto), prodotto da Kurumuny edizioni. La band salentina sar\u00e0 intervistata dal giornalista Ennio Ciotta. Nel corso della serata verr\u00e0 proiettato il videoclip tratto dal primo singolo dell&#8217;album, &#8220;Un re&#8221;, per la regia di Lucio Toma. A seguire il musicista e producer No Finger Nails (Andrea Presicce), accompagnato dalla tromba di Luigi Miacola, presenter\u00e0 il remix del brano &#8220;Un&#8217;altra questione&#8221;.<\/p>\n<p>\u201cRocha\u201d in dialetto salentino \u00e8 la brace, la parte pi\u00f9 resistente, quella che si spegne per ultima e che allo stesso tempo \u00e8 ancora capace di ravvivare il fuoco e farlo tornare a bruciare.<\/p>\n<p>Ingresso gratuito.<\/p>\n<fb:like href='https:\/\/www.leccecronaca.it\/index.php\/2015\/07\/16\/concerti-il-folk-punk-salentino-dei-la-rocha-al-loro-esordio-discografico-venerdi-17\/' send='true' layout='button_count' show_faces='true' width='450' height='65' action='recommend' colorscheme='light' font='lucida grande'><\/fb:like><span class=\"fb_share\"><fb:like href=\"https:\/\/www.leccecronaca.it\/index.php\/2015\/07\/16\/concerti-il-folk-punk-salentino-dei-la-rocha-al-loro-esordio-discografico-venerdi-17\/\" layout=\"button_count\"><\/fb:like><\/span>","protected":false},"excerpt":{"rendered":"<p>Venerd\u00ec 17 luglio, alle\u00a021.00, a Martano, localit\u00e0 Kurumuny, ci sar\u00e0 la presentazione del disco d&#8217;esordio omonimo del collettivo folk punk salentino &#8220;La Rocha&#8221; (nella foto), prodotto da Kurumuny edizioni. La band salentina sar\u00e0 intervistata dal giornalista Ennio Ciotta. Nel corso della serata verr\u00e0 proiettato il videoclip tratto dal primo singolo dell&#8217;album, &#8220;Un re&#8221;, per la [&hellip;]<\/p>\n","protected":false},"author":4,"featured_media":55463,"comment_status":"open","ping_status":"closed","sticky":false,"template":"","format":"standard","meta":[],"categories":[75],"tags":[],"_links":{"self":[{"href":"https:\/\/www.leccecronaca.it\/index.php\/wp-json\/wp\/v2\/posts\/55462"}],"collection":[{"href":"https:\/\/www.leccecronaca.it\/index.php\/wp-json\/wp\/v2\/posts"}],"about":[{"href":"https:\/\/www.leccecronaca.it\/index.php\/wp-json\/wp\/v2\/types\/post"}],"author":[{"embeddable":true,"href":"https:\/\/www.leccecronaca.it\/index.php\/wp-json\/wp\/v2\/users\/4"}],"replies":[{"embeddable":true,"href":"https:\/\/www.leccecronaca.it\/index.php\/wp-json\/wp\/v2\/comments?post=55462"}],"version-history":[{"count":1,"href":"https:\/\/www.leccecronaca.it\/index.php\/wp-json\/wp\/v2\/posts\/55462\/revisions"}],"predecessor-version":[{"id":55464,"href":"https:\/\/www.leccecronaca.it\/index.php\/wp-json\/wp\/v2\/posts\/55462\/revisions\/55464"}],"wp:featuredmedia":[{"embeddable":true,"href":"https:\/\/www.leccecronaca.it\/index.php\/wp-json\/wp\/v2\/media\/55463"}],"wp:attachment":[{"href":"https:\/\/www.leccecronaca.it\/index.php\/wp-json\/wp\/v2\/media?parent=55462"}],"wp:term":[{"taxonomy":"category","embeddable":true,"href":"https:\/\/www.leccecronaca.it\/index.php\/wp-json\/wp\/v2\/categories?post=55462"},{"taxonomy":"post_tag","embeddable":true,"href":"https:\/\/www.leccecronaca.it\/index.php\/wp-json\/wp\/v2\/tags?post=55462"}],"curies":[{"name":"wp","href":"https:\/\/api.w.org\/{rel}","templated":true}]}}