{"id":55492,"date":"2015-07-14T16:36:10","date_gmt":"2015-07-14T14:36:10","guid":{"rendered":"http:\/\/www.leccecronaca.it\/?p=55492"},"modified":"2015-07-14T16:38:55","modified_gmt":"2015-07-14T14:38:55","slug":"a-notte-fonda-domenica-scorsa-a-mesagne-con-dario-perez","status":"publish","type":"post","link":"https:\/\/www.leccecronaca.it\/index.php\/2015\/07\/14\/a-notte-fonda-domenica-scorsa-a-mesagne-con-dario-perez\/","title":{"rendered":"A NOTTE FONDA, DOMENICA SCORSA, A MESAGNE, CON I RACCONTI HORROR DI DARIO PEREZ"},"content":{"rendered":"<p><a href=\"https:\/\/www.leccecronaca.it\/wordpress\/wp-content\/uploads\/2015\/07\/11709629_863525460393770_4351485649117125835_n.jpg\"><img decoding=\"async\" loading=\"lazy\" width=\"712\" height=\"960\" title=\"11709629_863525460393770_4351485649117125835_n\" class=\"alignright size-full wp-image-55493\" alt=\"\" src=\"https:\/\/www.leccecronaca.it\/wordpress\/wp-content\/uploads\/2015\/07\/11709629_863525460393770_4351485649117125835_n.jpg\" srcset=\"https:\/\/www.leccecronaca.it\/wordpress\/wp-content\/uploads\/2015\/07\/11709629_863525460393770_4351485649117125835_n.jpg 712w, https:\/\/www.leccecronaca.it\/wordpress\/wp-content\/uploads\/2015\/07\/11709629_863525460393770_4351485649117125835_n-222x300.jpg 222w\" sizes=\"(max-width: 712px) 100vw, 712px\" \/><\/a>(Rdl)______Sono sempre belle queste serate, in cui si parla di libri, di idee, di suggestioni. Fanno stare insieme, e fanno lievitare qualcosa dentro, che poi, anche a distanza di tempo, magari quando tutto sembrava dimenticato, sar\u00e0 pronta per un &#8216; occasione in cui ci verr\u00e0 buona, se non preziosa.<\/p>\n<p>Successo e gradimento di pubblico\u00a0nella\u00a0 serata di\u00a0domenica scorsa a Mesagne per la presentazione dei racconti horror di\u00a0Dario Perez, &#8220;A notte fonda&#8221;, Sillabe di sale editore, con i fratelli Magr\u00ec e l&#8217;illustratrice Adriana Tosi.<\/p>\n<p>Durante l&#8217;incontro lo scrittore, accompagnato dalla presenza di un manichino che rappresentava un cadavere (nella foto), ha messo nudo le sue paure, il suo io interiore e ha spiegato come nascono le sue storie e perch\u00e8 queste prendono vita, imprimendosi sulle pagine bianche di un libro.<\/p>\n<p>Gli stessi fratelli Magr\u00ec &#8211; maestri di effetti speciali nonch\u00e8 curatori del Museo che si aprir\u00e0 il 15 luglio &#8211; hanno discusso con l&#8217;autore prendendo spunto da alcune, pi\u00f9 significanti, frasi tratte dai racconti.<\/p>\n<p>E&#8217; intervenuta anche l&#8217;artista Adriana Tosi,\u00a0che \u00a0collabora con Dario Perez dal 2012, spiegando i processi che portano alla creazione delle tavole presenti nel libro\u00a0ad anticipare ogni racconto.<\/p>\n<p>Una serata interessante, inquietante e ricca di spunti per una citt\u00e0 che \u00e8 affamata di cultura e che non vede l&#8217;ora di far crescere i propri talenti.<\/p>\n<p>Il prossimo appuntamento \u00e8 al 15 luglio, giorno in cui il museo d&#8217;effetti speciali e fantasy sar\u00e0 aperto al pubblico.<\/p>\n<p>&nbsp;<\/p>\n<p>&nbsp;<\/p>\n<fb:like href='https:\/\/www.leccecronaca.it\/index.php\/2015\/07\/14\/a-notte-fonda-domenica-scorsa-a-mesagne-con-dario-perez\/' send='true' layout='button_count' show_faces='true' width='450' height='65' action='recommend' colorscheme='light' font='lucida grande'><\/fb:like><span class=\"fb_share\"><fb:like href=\"https:\/\/www.leccecronaca.it\/index.php\/2015\/07\/14\/a-notte-fonda-domenica-scorsa-a-mesagne-con-dario-perez\/\" layout=\"button_count\"><\/fb:like><\/span>","protected":false},"excerpt":{"rendered":"<p>(Rdl)______Sono sempre belle queste serate, in cui si parla di libri, di idee, di suggestioni. Fanno stare insieme, e fanno lievitare qualcosa dentro, che poi, anche a distanza di tempo, magari quando tutto sembrava dimenticato, sar\u00e0 pronta per un &#8216; occasione in cui ci verr\u00e0 buona, se non preziosa. Successo e gradimento di pubblico\u00a0nella\u00a0 serata [&hellip;]<\/p>\n","protected":false},"author":4,"featured_media":55493,"comment_status":"open","ping_status":"closed","sticky":false,"template":"","format":"standard","meta":[],"categories":[57],"tags":[],"_links":{"self":[{"href":"https:\/\/www.leccecronaca.it\/index.php\/wp-json\/wp\/v2\/posts\/55492"}],"collection":[{"href":"https:\/\/www.leccecronaca.it\/index.php\/wp-json\/wp\/v2\/posts"}],"about":[{"href":"https:\/\/www.leccecronaca.it\/index.php\/wp-json\/wp\/v2\/types\/post"}],"author":[{"embeddable":true,"href":"https:\/\/www.leccecronaca.it\/index.php\/wp-json\/wp\/v2\/users\/4"}],"replies":[{"embeddable":true,"href":"https:\/\/www.leccecronaca.it\/index.php\/wp-json\/wp\/v2\/comments?post=55492"}],"version-history":[{"count":4,"href":"https:\/\/www.leccecronaca.it\/index.php\/wp-json\/wp\/v2\/posts\/55492\/revisions"}],"predecessor-version":[{"id":55496,"href":"https:\/\/www.leccecronaca.it\/index.php\/wp-json\/wp\/v2\/posts\/55492\/revisions\/55496"}],"wp:featuredmedia":[{"embeddable":true,"href":"https:\/\/www.leccecronaca.it\/index.php\/wp-json\/wp\/v2\/media\/55493"}],"wp:attachment":[{"href":"https:\/\/www.leccecronaca.it\/index.php\/wp-json\/wp\/v2\/media?parent=55492"}],"wp:term":[{"taxonomy":"category","embeddable":true,"href":"https:\/\/www.leccecronaca.it\/index.php\/wp-json\/wp\/v2\/categories?post=55492"},{"taxonomy":"post_tag","embeddable":true,"href":"https:\/\/www.leccecronaca.it\/index.php\/wp-json\/wp\/v2\/tags?post=55492"}],"curies":[{"name":"wp","href":"https:\/\/api.w.org\/{rel}","templated":true}]}}