{"id":55557,"date":"2015-07-15T06:26:51","date_gmt":"2015-07-15T04:26:51","guid":{"rendered":"http:\/\/www.leccecronaca.it\/?p=55557"},"modified":"2015-07-15T12:44:00","modified_gmt":"2015-07-15T10:44:00","slug":"teatro-omaggio-a-gaber-a-lecce-giovedi-16","status":"publish","type":"post","link":"https:\/\/www.leccecronaca.it\/index.php\/2015\/07\/15\/teatro-omaggio-a-gaber-a-lecce-giovedi-16\/","title":{"rendered":"TEATRO \/ OMAGGIO A GABER A LECCE GIOVEDI&#8217; 16"},"content":{"rendered":"<p><a href=\"https:\/\/www.leccecronaca.it\/wordpress\/wp-content\/uploads\/2015\/07\/images.jpg\"><img decoding=\"async\" loading=\"lazy\" width=\"261\" height=\"193\" title=\"images\" class=\"alignright size-full wp-image-55558\" alt=\"\" src=\"https:\/\/www.leccecronaca.it\/wordpress\/wp-content\/uploads\/2015\/07\/images.jpg\" \/><\/a>Gioved\u00ec 16 luglio, alle 21.30, nel Cortile del Must, il Museo storico della citt\u00e0 di Lecce, in via degli Ammirati, 11, andr\u00e0 in scena lo spettacolo &#8220;Salvo Gaber&#8221;, di\u00a0Salvatore Cosentino, alle prese\u00a0col teatro-canzone dell&#8217; indimenticabile\u00a0Giorgio Gaber (nella foto).<\/p>\n<p>Biglietti a 13 euro.<\/p>\n<fb:like href='https:\/\/www.leccecronaca.it\/index.php\/2015\/07\/15\/teatro-omaggio-a-gaber-a-lecce-giovedi-16\/' send='true' layout='button_count' show_faces='true' width='450' height='65' action='recommend' colorscheme='light' font='lucida grande'><\/fb:like><span class=\"fb_share\"><fb:like href=\"https:\/\/www.leccecronaca.it\/index.php\/2015\/07\/15\/teatro-omaggio-a-gaber-a-lecce-giovedi-16\/\" layout=\"button_count\"><\/fb:like><\/span>","protected":false},"excerpt":{"rendered":"<p>Gioved\u00ec 16 luglio, alle 21.30, nel Cortile del Must, il Museo storico della citt\u00e0 di Lecce, in via degli Ammirati, 11, andr\u00e0 in scena lo spettacolo &#8220;Salvo Gaber&#8221;, di\u00a0Salvatore Cosentino, alle prese\u00a0col teatro-canzone dell&#8217; indimenticabile\u00a0Giorgio Gaber (nella foto). Biglietti a 13 euro.<\/p>\n","protected":false},"author":4,"featured_media":55558,"comment_status":"open","ping_status":"closed","sticky":false,"template":"","format":"standard","meta":[],"categories":[75],"tags":[],"_links":{"self":[{"href":"https:\/\/www.leccecronaca.it\/index.php\/wp-json\/wp\/v2\/posts\/55557"}],"collection":[{"href":"https:\/\/www.leccecronaca.it\/index.php\/wp-json\/wp\/v2\/posts"}],"about":[{"href":"https:\/\/www.leccecronaca.it\/index.php\/wp-json\/wp\/v2\/types\/post"}],"author":[{"embeddable":true,"href":"https:\/\/www.leccecronaca.it\/index.php\/wp-json\/wp\/v2\/users\/4"}],"replies":[{"embeddable":true,"href":"https:\/\/www.leccecronaca.it\/index.php\/wp-json\/wp\/v2\/comments?post=55557"}],"version-history":[{"count":2,"href":"https:\/\/www.leccecronaca.it\/index.php\/wp-json\/wp\/v2\/posts\/55557\/revisions"}],"predecessor-version":[{"id":55560,"href":"https:\/\/www.leccecronaca.it\/index.php\/wp-json\/wp\/v2\/posts\/55557\/revisions\/55560"}],"wp:featuredmedia":[{"embeddable":true,"href":"https:\/\/www.leccecronaca.it\/index.php\/wp-json\/wp\/v2\/media\/55558"}],"wp:attachment":[{"href":"https:\/\/www.leccecronaca.it\/index.php\/wp-json\/wp\/v2\/media?parent=55557"}],"wp:term":[{"taxonomy":"category","embeddable":true,"href":"https:\/\/www.leccecronaca.it\/index.php\/wp-json\/wp\/v2\/categories?post=55557"},{"taxonomy":"post_tag","embeddable":true,"href":"https:\/\/www.leccecronaca.it\/index.php\/wp-json\/wp\/v2\/tags?post=55557"}],"curies":[{"name":"wp","href":"https:\/\/api.w.org\/{rel}","templated":true}]}}