{"id":56889,"date":"2015-07-31T16:31:30","date_gmt":"2015-07-31T14:31:30","guid":{"rendered":"http:\/\/www.leccecronaca.it\/?p=56889"},"modified":"2015-07-31T16:43:57","modified_gmt":"2015-07-31T14:43:57","slug":"l-iman-di-lecce-risponde-al-procuratore-osama-terrorista-macche-e-soltanto-un-bambino-appena-cresciuto-che-vive-la-sua-religione-con-serenita-e-moderazione","status":"publish","type":"post","link":"https:\/\/www.leccecronaca.it\/index.php\/2015\/07\/31\/l-iman-di-lecce-risponde-al-procuratore-osama-terrorista-macche-e-soltanto-un-bambino-appena-cresciuto-che-vive-la-sua-religione-con-serenita-e-moderazione\/","title":{"rendered":"L&#8217; IMAM DI LECCE RISPONDE AL PROCURATORE: &#8220;Osama terrorista? Macch\u00e8, \u00e8 soltanto un bambino appena cresciuto, che vive la sua religione con serenit\u00e0 e moderazione, come tutta la nostra comunit\u00e0&#8221;"},"content":{"rendered":"<p><img decoding=\"async\" loading=\"lazy\" width=\"300\" height=\"300\" title=\"1004867_684176931628104_3098968139217963910_n\" class=\"aligncenter size-medium wp-image-56890\" alt=\"\" src=\"https:\/\/www.leccecronaca.it\/wordpress\/wp-content\/uploads\/2015\/07\/1004867_684176931628104_3098968139217963910_n-300x300.jpg\" srcset=\"https:\/\/www.leccecronaca.it\/wordpress\/wp-content\/uploads\/2015\/07\/1004867_684176931628104_3098968139217963910_n-300x300.jpg 300w, https:\/\/www.leccecronaca.it\/wordpress\/wp-content\/uploads\/2015\/07\/1004867_684176931628104_3098968139217963910_n-150x150.jpg 150w, https:\/\/www.leccecronaca.it\/wordpress\/wp-content\/uploads\/2015\/07\/1004867_684176931628104_3098968139217963910_n.jpg 640w\" sizes=\"(max-width: 300px) 100vw, 300px\" \/>(Rdl)______Interpellato da <strong>leccecronaca.<\/strong>it in merito alle dichiarazioni di questa mattina\u00a0del procuratore <strong>Cataldo Motta<\/strong>, in relazione alla scomparsa di Osama, di cui abbiamo riferito nell&#8217; articolo sottostante, il capo della comunit\u00e0 musulmana di Lecce, l&#8217; Imam Saifeddine, il quale per primo aveva lanciato l&#8217; allarme, ha cos\u00ec commentato la dichiarazione dell&#8217; alto magistrato della procura della Repubblica di Lecce<strong>:<\/strong><\/p>\n<p>&#8220;<em>Ho letto come tanti altri le dichiarazioni del procuratore della Repubblica Cataldo Motta,\u00a0nelle quali si dice che non si escludono le possibilit\u00e0 di reclutamento per motivi bellici e radicali, anche se non so come gli sia stata posta la domanda.<\/em><\/p>\n<p><em>In\u00a0modo generale, nel nostro contesto internazionale, in tutti i paesi occidentali e orientali, vista la minaccia provocata dei criminali terroristi di matrice religiosa, non bisogna mai escludere questa possibilit\u00e0, ma nel caso specifico del ragazzino scomparso da Salice Salentino posso dire che il commento\u00a0\u00e8 fuori luogo,\u00a0e che non corrisponde al profilo della ragazzo.<\/em><\/p>\n<p><em>Conoscendo personalmente Osama, posso dire che \u00e8 un bambino appena cresciuto, che ha appena finito l&#8217;infanzia, e che\u00a0il suo rapporto con la religione non\u00a0 ha nulla di conflittuale. Osama sta vivendo la sua fede con tanta serenit\u00e0 e moderazione, come\u00a0pure la sua famiglia, e ugualmente allo stesso modo\u00a0tutta la nostra comunit\u00e0 locale.<\/em><\/p>\n<p><em>I giorni futuri ce lo proveranno. Continuiamo a pregare per un suo rapido ritorno a casa<\/em>&#8220;.<\/p>\n<fb:like href='https:\/\/www.leccecronaca.it\/index.php\/2015\/07\/31\/l-iman-di-lecce-risponde-al-procuratore-osama-terrorista-macche-e-soltanto-un-bambino-appena-cresciuto-che-vive-la-sua-religione-con-serenita-e-moderazione\/' send='true' layout='button_count' show_faces='true' width='450' height='65' action='recommend' colorscheme='light' font='lucida grande'><\/fb:like><span class=\"fb_share\"><fb:like href=\"https:\/\/www.leccecronaca.it\/index.php\/2015\/07\/31\/l-iman-di-lecce-risponde-al-procuratore-osama-terrorista-macche-e-soltanto-un-bambino-appena-cresciuto-che-vive-la-sua-religione-con-serenita-e-moderazione\/\" layout=\"button_count\"><\/fb:like><\/span>","protected":false},"excerpt":{"rendered":"<p>(Rdl)______Interpellato da leccecronaca.it in merito alle dichiarazioni di questa mattina\u00a0del procuratore Cataldo Motta, in relazione alla scomparsa di Osama, di cui abbiamo riferito nell&#8217; articolo sottostante, il capo della comunit\u00e0 musulmana di Lecce, l&#8217; Imam Saifeddine, il quale per primo aveva lanciato l&#8217; allarme, ha cos\u00ec commentato la dichiarazione dell&#8217; alto magistrato della procura della [&hellip;]<\/p>\n","protected":false},"author":4,"featured_media":56890,"comment_status":"open","ping_status":"closed","sticky":false,"template":"","format":"standard","meta":[],"categories":[69],"tags":[],"_links":{"self":[{"href":"https:\/\/www.leccecronaca.it\/index.php\/wp-json\/wp\/v2\/posts\/56889"}],"collection":[{"href":"https:\/\/www.leccecronaca.it\/index.php\/wp-json\/wp\/v2\/posts"}],"about":[{"href":"https:\/\/www.leccecronaca.it\/index.php\/wp-json\/wp\/v2\/types\/post"}],"author":[{"embeddable":true,"href":"https:\/\/www.leccecronaca.it\/index.php\/wp-json\/wp\/v2\/users\/4"}],"replies":[{"embeddable":true,"href":"https:\/\/www.leccecronaca.it\/index.php\/wp-json\/wp\/v2\/comments?post=56889"}],"version-history":[{"count":8,"href":"https:\/\/www.leccecronaca.it\/index.php\/wp-json\/wp\/v2\/posts\/56889\/revisions"}],"predecessor-version":[{"id":56892,"href":"https:\/\/www.leccecronaca.it\/index.php\/wp-json\/wp\/v2\/posts\/56889\/revisions\/56892"}],"wp:featuredmedia":[{"embeddable":true,"href":"https:\/\/www.leccecronaca.it\/index.php\/wp-json\/wp\/v2\/media\/56890"}],"wp:attachment":[{"href":"https:\/\/www.leccecronaca.it\/index.php\/wp-json\/wp\/v2\/media?parent=56889"}],"wp:term":[{"taxonomy":"category","embeddable":true,"href":"https:\/\/www.leccecronaca.it\/index.php\/wp-json\/wp\/v2\/categories?post=56889"},{"taxonomy":"post_tag","embeddable":true,"href":"https:\/\/www.leccecronaca.it\/index.php\/wp-json\/wp\/v2\/tags?post=56889"}],"curies":[{"name":"wp","href":"https:\/\/api.w.org\/{rel}","templated":true}]}}