{"id":57075,"date":"2015-08-03T11:23:50","date_gmt":"2015-08-03T09:23:50","guid":{"rendered":"http:\/\/www.leccecronaca.it\/?p=57075"},"modified":"2015-08-03T13:45:32","modified_gmt":"2015-08-03T11:45:32","slug":"il-lecce-suda-e-inizia-con-il-piede-giusto-battuto-il-catanzaro-in-coppa-italia-il-9-tocca-al-cesena","status":"publish","type":"post","link":"https:\/\/www.leccecronaca.it\/index.php\/2015\/08\/03\/il-lecce-suda-e-inizia-con-il-piede-giusto-battuto-il-catanzaro-in-coppa-italia-il-9-tocca-al-cesena\/","title":{"rendered":"IL LECCE SUDA E INIZIA CON IL PIEDE GIUSTO: BATTUTO IL CATANZARO IN COPPA ITALIA, IL 9 TOCCA AL CESENA"},"content":{"rendered":"<p><img decoding=\"async\" loading=\"lazy\" width=\"300\" height=\"187\" title=\"lecce TIFOSI\" class=\"alignleft size-medium wp-image-15252\" alt=\"\" src=\"https:\/\/www.leccecronaca.it\/wordpress\/wp-content\/uploads\/2013\/04\/lecce-TIFOSI-300x187.jpg\" srcset=\"https:\/\/www.leccecronaca.it\/wordpress\/wp-content\/uploads\/2013\/04\/lecce-TIFOSI-300x187.jpg 300w, https:\/\/www.leccecronaca.it\/wordpress\/wp-content\/uploads\/2013\/04\/lecce-TIFOSI.jpg 738w\" sizes=\"(max-width: 300px) 100vw, 300px\" \/>di <strong>Laura Ricci<\/strong>______<\/p>\n<p>Iniziare con il piede giusto era proprio ci\u00f2 che serviva a questo Lecce rinnovato non solo negli uomini che lo gestiscono, ma anche nella mentalit\u00e0.<\/p>\n<p>Il caldo ancora incessante e i carichi di lavoro dovuti alla preparazione atletica di questi giorni non hanno permesso di assistere a una gara di <strong>Coppa Italia<\/strong> con &#8220;i fuochi d&#8217;artificio&#8221;, ma hanno regalato ai tifosi salentini, circa cinquemila accorsi al <strong>Via del Mare<\/strong> ieri sera, quella gioia di vedere in campo i proprio eroi che ce la mettono tutta.<\/p>\n<p><strong>Lecce-Catanzaro<\/strong> \u00e8 stato un incontro importante per entrambe le squadre che hanno potuto verificare l&#8217;attuale preparazione degli uomini in rosa; indubbiamente, ed \u00e8 stato detto pi\u00f9 e pi\u00f9 volte anche dagli stessi protagonisti, non si \u00e8 assistito all&#8217;undici titolare che si vedr\u00e0 durante il prossimo campionato.<\/p>\n<p>Rimane il fatto che per i salentini, dopo tanta sofferenza, \u00e8 arrivato il tempo di sorridere, seppur dopo i calci di rigore, ma in ogni caso davanti a dei giocatori che hanno onorato questo impegno per i propri tifosi e per i colori di questa maglia. Il risultato, in realt\u00e0, sarebbe dovuto essere diverso visto il goal regolare da parte di <strong>Vinetot<\/strong>, non visto dal direttore di gara che ha &#8220;battezzato&#8221; il pallone fuori dalla riga di porta, ma in realt\u00e0 dentro.<\/p>\n<p>Nonostante la poca sintonia tra la famiglia Tesoro e il portiere <strong>Max Benassi<\/strong>, ieri sera si \u00e8 visto il numero uno leccese molto concentrato e attivo, sempre pronto sui palloni difficili e anche su quelli pi\u00f9 semplici, dando cos\u00ec sicurezza ai propri compagni.<\/p>\n<p>Altra nota positiva: <strong>Moscardelli<\/strong> \u00e8 quello dello scorso anno, sempre proiettato verso l&#8217;area di rigore avversaria, ci prova appena pu\u00f2 e rimane la spina nel fianco delle difese avversarie.<\/p>\n<p>Da segnalare la bella prova di <strong>Gigli<\/strong>, giovane neo acquisto del <strong>Lecce<\/strong> arrivato in prestito dalla <strong>Fiorentina<\/strong> e protagonista di una gara di personalit\u00e0.<\/p>\n<p>Tanta l&#8217;emozione da parte del nuovo capitano giallorosso <strong>Romeo Papini<\/strong>, che in questa veste si \u00e8 detto <em>&#8220;onorato di indossare quella fascia&#8221;<\/em> e &#8220;<em>convinto che quella che verr\u00e0 sar\u00e0 un&#8217;ottima stagione per tutti&#8221;.<\/em><\/p>\n<p>La convinzione di Papini si specchia nella fortissima speranza di tutto il popolo salentino che vuole tornare a vedere la propria squadra ai massimi splendori di un tempo. Intanto, come saluto alla nuova societ\u00e0 ed espressione delle idee chiare dei sostenitori del Lecce, ieri sera la Curva Nord ha esposto uno striscione con su scritto <em>&#8220;Il Lecce ai leccesi&#8221;<\/em>, motto ripetuto spesso da <strong>Sticchi Damiani<\/strong> e adottato alla lettera per l&#8217;innesto dei componenti della societ\u00e0, poi seguito da <em>&#8220;Purch\u00e9 tu non sia come chi ha infangato 105 anni di storia mia&#8221;<\/em>, esplicito riferimento a Pierandrea Semeraro, autore della disfatta leccese.<\/p>\n<p>Grazie a questa vittoria, il Lecce incontrer\u00e0 nel prossimo turno, il 9 agosto, il <strong>Cesena<\/strong> per la seconda fase eliminatoria.<\/p>\n<p>&nbsp;<\/p>\n<p>&nbsp;<\/p>\n<fb:like href='https:\/\/www.leccecronaca.it\/index.php\/2015\/08\/03\/il-lecce-suda-e-inizia-con-il-piede-giusto-battuto-il-catanzaro-in-coppa-italia-il-9-tocca-al-cesena\/' send='true' layout='button_count' show_faces='true' width='450' height='65' action='recommend' colorscheme='light' font='lucida grande'><\/fb:like><span class=\"fb_share\"><fb:like href=\"https:\/\/www.leccecronaca.it\/index.php\/2015\/08\/03\/il-lecce-suda-e-inizia-con-il-piede-giusto-battuto-il-catanzaro-in-coppa-italia-il-9-tocca-al-cesena\/\" layout=\"button_count\"><\/fb:like><\/span>","protected":false},"excerpt":{"rendered":"<p>di Laura Ricci______ Iniziare con il piede giusto era proprio ci\u00f2 che serviva a questo Lecce rinnovato non solo negli uomini che lo gestiscono, ma anche nella mentalit\u00e0. Il caldo ancora incessante e i carichi di lavoro dovuti alla preparazione atletica di questi giorni non hanno permesso di assistere a una gara di Coppa Italia [&hellip;]<\/p>\n","protected":false},"author":4,"featured_media":0,"comment_status":"open","ping_status":"closed","sticky":false,"template":"","format":"standard","meta":[],"categories":[28],"tags":[],"_links":{"self":[{"href":"https:\/\/www.leccecronaca.it\/index.php\/wp-json\/wp\/v2\/posts\/57075"}],"collection":[{"href":"https:\/\/www.leccecronaca.it\/index.php\/wp-json\/wp\/v2\/posts"}],"about":[{"href":"https:\/\/www.leccecronaca.it\/index.php\/wp-json\/wp\/v2\/types\/post"}],"author":[{"embeddable":true,"href":"https:\/\/www.leccecronaca.it\/index.php\/wp-json\/wp\/v2\/users\/4"}],"replies":[{"embeddable":true,"href":"https:\/\/www.leccecronaca.it\/index.php\/wp-json\/wp\/v2\/comments?post=57075"}],"version-history":[{"count":8,"href":"https:\/\/www.leccecronaca.it\/index.php\/wp-json\/wp\/v2\/posts\/57075\/revisions"}],"predecessor-version":[{"id":57084,"href":"https:\/\/www.leccecronaca.it\/index.php\/wp-json\/wp\/v2\/posts\/57075\/revisions\/57084"}],"wp:attachment":[{"href":"https:\/\/www.leccecronaca.it\/index.php\/wp-json\/wp\/v2\/media?parent=57075"}],"wp:term":[{"taxonomy":"category","embeddable":true,"href":"https:\/\/www.leccecronaca.it\/index.php\/wp-json\/wp\/v2\/categories?post=57075"},{"taxonomy":"post_tag","embeddable":true,"href":"https:\/\/www.leccecronaca.it\/index.php\/wp-json\/wp\/v2\/tags?post=57075"}],"curies":[{"name":"wp","href":"https:\/\/api.w.org\/{rel}","templated":true}]}}