{"id":57204,"date":"2015-08-05T11:56:19","date_gmt":"2015-08-05T09:56:19","guid":{"rendered":"http:\/\/www.leccecronaca.it\/?p=57204"},"modified":"2015-08-05T14:35:15","modified_gmt":"2015-08-05T12:35:15","slug":"ultim-ora-ritrovato-osama-se-n-era-andato-via-da-solo","status":"publish","type":"post","link":"https:\/\/www.leccecronaca.it\/index.php\/2015\/08\/05\/ultim-ora-ritrovato-osama-se-n-era-andato-via-da-solo\/","title":{"rendered":"ULTIM&#8217; ORA \/ RITROVATO OSAMA, STA BENE, SE N&#8217; ERA ANDATO VIA DA CASA DA SOLO"},"content":{"rendered":"<p><img decoding=\"async\" loading=\"lazy\" width=\"296\" height=\"394\" title=\"11800389_919501328095662_3014340694000434447_n\" class=\"alignleft size-full wp-image-57205\" alt=\"\" src=\"https:\/\/www.leccecronaca.it\/wordpress\/wp-content\/uploads\/2015\/08\/11800389_919501328095662_3014340694000434447_n.jpg\" srcset=\"https:\/\/www.leccecronaca.it\/wordpress\/wp-content\/uploads\/2015\/08\/11800389_919501328095662_3014340694000434447_n.jpg 296w, https:\/\/www.leccecronaca.it\/wordpress\/wp-content\/uploads\/2015\/08\/11800389_919501328095662_3014340694000434447_n-225x300.jpg 225w\" sizes=\"(max-width: 296px) 100vw, 296px\" \/>(Rdl)______Macch\u00e9 terrorista! Parlando con leccecronaca.it l&#8217; Imam Saiffedine di Lecce, che lo conosceva bene, aveva escluso ogni ipotesi di reclutamento, adombrata dalla procura della Repubblica di Lecce, a tal punto che le indagini erano state affidate alla Digos: &#8220;<em>E&#8217; poco pi\u00f9 che un bambino, vive la sua religiosit\u00e0 serenamente<\/em>&#8220;. Infatti, si \u00e8 trattato di una ragazzata, comunque di un allontanamento volontario.<\/p>\n<p>Osama \u00e8 gi\u00e0 tornato a casa; \u00e8 stato ritrovato sano e salvo\u00a0ieri sera nei pressi di Aversa, in provincia di Caserta, dove era giunto proveniente da Roma. Fondamentale, per segnalare prima e individuare poi il ragazzo, la partecipazione delle comunit\u00e0 marocchine di tutta Italia, ma pure di tanti Italiani,\u00a0attraverso i social &#8211; network.<\/p>\n<p>In ogni caso, lo avevano ripreso &#8211; ed era stato riconosciuto dagli inquirenti &#8211; sia le telecamere della stazione ferroviaria di Lecce, sia quelle di Roma Termini.<\/p>\n<p>Esulta e ringrazia adesso l&#8217; Imam (nella foto, con il pap\u00e0 di Osama, Aziz,sulla destra, subito dopo la buona notizia e in attesa di poter riabbracciare il figlio): &#8220;<em>Solo Dio sa quanta gioia \u00e8 entrata nei cuori nostri,\u00a0e di tutti quelli che erano preoccupati.\u00a0Grazie a tutti per le vostre preghiere e le vostre condivisioni &#8230; Il merito \u00e8 anche vostro&#8221;.<\/em><\/p>\n<p>&nbsp;<\/p>\n<p>&nbsp;<\/p>\n<fb:like href='https:\/\/www.leccecronaca.it\/index.php\/2015\/08\/05\/ultim-ora-ritrovato-osama-se-n-era-andato-via-da-solo\/' send='true' layout='button_count' show_faces='true' width='450' height='65' action='recommend' colorscheme='light' font='lucida grande'><\/fb:like><span class=\"fb_share\"><fb:like href=\"https:\/\/www.leccecronaca.it\/index.php\/2015\/08\/05\/ultim-ora-ritrovato-osama-se-n-era-andato-via-da-solo\/\" layout=\"button_count\"><\/fb:like><\/span>","protected":false},"excerpt":{"rendered":"<p>(Rdl)______Macch\u00e9 terrorista! Parlando con leccecronaca.it l&#8217; Imam Saiffedine di Lecce, che lo conosceva bene, aveva escluso ogni ipotesi di reclutamento, adombrata dalla procura della Repubblica di Lecce, a tal punto che le indagini erano state affidate alla Digos: &#8220;E&#8217; poco pi\u00f9 che un bambino, vive la sua religiosit\u00e0 serenamente&#8220;. Infatti, si \u00e8 trattato di una [&hellip;]<\/p>\n","protected":false},"author":4,"featured_media":57205,"comment_status":"open","ping_status":"closed","sticky":false,"template":"","format":"standard","meta":[],"categories":[69],"tags":[],"_links":{"self":[{"href":"https:\/\/www.leccecronaca.it\/index.php\/wp-json\/wp\/v2\/posts\/57204"}],"collection":[{"href":"https:\/\/www.leccecronaca.it\/index.php\/wp-json\/wp\/v2\/posts"}],"about":[{"href":"https:\/\/www.leccecronaca.it\/index.php\/wp-json\/wp\/v2\/types\/post"}],"author":[{"embeddable":true,"href":"https:\/\/www.leccecronaca.it\/index.php\/wp-json\/wp\/v2\/users\/4"}],"replies":[{"embeddable":true,"href":"https:\/\/www.leccecronaca.it\/index.php\/wp-json\/wp\/v2\/comments?post=57204"}],"version-history":[{"count":5,"href":"https:\/\/www.leccecronaca.it\/index.php\/wp-json\/wp\/v2\/posts\/57204\/revisions"}],"predecessor-version":[{"id":57208,"href":"https:\/\/www.leccecronaca.it\/index.php\/wp-json\/wp\/v2\/posts\/57204\/revisions\/57208"}],"wp:featuredmedia":[{"embeddable":true,"href":"https:\/\/www.leccecronaca.it\/index.php\/wp-json\/wp\/v2\/media\/57205"}],"wp:attachment":[{"href":"https:\/\/www.leccecronaca.it\/index.php\/wp-json\/wp\/v2\/media?parent=57204"}],"wp:term":[{"taxonomy":"category","embeddable":true,"href":"https:\/\/www.leccecronaca.it\/index.php\/wp-json\/wp\/v2\/categories?post=57204"},{"taxonomy":"post_tag","embeddable":true,"href":"https:\/\/www.leccecronaca.it\/index.php\/wp-json\/wp\/v2\/tags?post=57204"}],"curies":[{"name":"wp","href":"https:\/\/api.w.org\/{rel}","templated":true}]}}