{"id":57258,"date":"2015-08-05T23:06:55","date_gmt":"2015-08-05T21:06:55","guid":{"rendered":"http:\/\/www.leccecronaca.it\/?p=57258"},"modified":"2015-08-06T18:04:22","modified_gmt":"2015-08-06T16:04:22","slug":"lecce-ancora-un-rinforzo-a-centrocampo-arriva-sergiu-suciu","status":"publish","type":"post","link":"https:\/\/www.leccecronaca.it\/index.php\/2015\/08\/05\/lecce-ancora-un-rinforzo-a-centrocampo-arriva-sergiu-suciu\/","title":{"rendered":"LECCE\/ ANCORA UN RINFORZO A CENTROCAMPO: ARRIVA IL ROMENO SERGIU SUCIU"},"content":{"rendered":"<div id=\"attachment_57259\" style=\"width: 310px\" class=\"wp-caption alignleft\"><img aria-describedby=\"caption-attachment-57259\" decoding=\"async\" loading=\"lazy\" width=\"300\" height=\"200\" title=\"d1ae25f81ff890fb420eb5208b16c940\" class=\"size-medium wp-image-57259\" src=\"https:\/\/www.leccecronaca.it\/wordpress\/wp-content\/uploads\/2015\/08\/d1ae25f81ff890fb420eb5208b16c940-300x200.jpg\" srcset=\"https:\/\/www.leccecronaca.it\/wordpress\/wp-content\/uploads\/2015\/08\/d1ae25f81ff890fb420eb5208b16c940-300x200.jpg 300w, https:\/\/www.leccecronaca.it\/wordpress\/wp-content\/uploads\/2015\/08\/d1ae25f81ff890fb420eb5208b16c940.jpg 598w\" sizes=\"(max-width: 300px) 100vw, 300px\" \/><p id=\"caption-attachment-57259\" class=\"wp-caption-text\">Foto da: toronews.net<\/p><\/div>\n<p>di <strong>Laura Ricci<\/strong>______<\/p>\n<p>Il passaggio del primo turno di <strong>Coppa Italia<\/strong> conquistato dal <strong>Lecce<\/strong> grazie alla vittoria contro il <strong>Catanzaro<\/strong> non deconcentra <strong>Trinchera<\/strong> che \u00e8 nel pieno delle operazioni di calcio mercato.<\/p>\n<p>Il reparto che verr\u00e0 rinforzato sar\u00e0, dopo <strong>De Feudis<\/strong>, ancora il centrocampo: arriva in forza al Lecce<strong> Sergiu Suciu<\/strong>, centrale classe &#8217;90 nato in Romania e cresciuto nelle giovanili del <strong>Torino<\/strong>.<\/p>\n<p>I granata, a partire dalla stagione 2008\/9 con il <strong>Legnano<\/strong>, hanno scelto di cederlo sempre in prestito per concedergli la possibilit\u00e0 di trovare spazio in altri club come <strong>Juve Stabia e Crotone<\/strong>, dove ha militato lo scorso anno.<\/p>\n<p>Il progetto della societ\u00e0 giallorossa \u00e8 chiaro: nel salento arrivano solo delle prime scelte, giocatori fortemente voluti tanto da acquistare lo stesso <strong>Suciu<\/strong> con la formula del prestito con obbligo di riscatto a favore del Lecce in caso di promozione della squadra giallorossa in serie B nel prossimo anno.<\/p>\n<p>Intanto i compagni ai quali si unir\u00e0 il nuovo innesto proseguono la preparazione in vista del prossimo match del 9 agosto contro il <strong>Cesena<\/strong> e del campionato 2015\/16 che pare, giorno dopo giorno, possa essere con molte probabilit\u00e0 di Lega Pro date le scarse possibilit\u00e0 di essere ripescati in Serie B. A prendere il posto del <strong>Parma<\/strong> infatti dovrebbe essere il <strong>Brescia<\/strong>, sotto accusa per una sospetta gestione scorretta della societ\u00e0 ma comunque in vantaggio rispetto ai salentini.<\/p>\n<p>Domani la squadra, dopo l&#8217;allenamento del mattino, incontrer\u00e0 alle ore 18.00 al Via del Mare il Novoli per un ulteriore test.<\/p>\n<p>&nbsp;<\/p>\n<fb:like href='https:\/\/www.leccecronaca.it\/index.php\/2015\/08\/05\/lecce-ancora-un-rinforzo-a-centrocampo-arriva-sergiu-suciu\/' send='true' layout='button_count' show_faces='true' width='450' height='65' action='recommend' colorscheme='light' font='lucida grande'><\/fb:like><span class=\"fb_share\"><fb:like href=\"https:\/\/www.leccecronaca.it\/index.php\/2015\/08\/05\/lecce-ancora-un-rinforzo-a-centrocampo-arriva-sergiu-suciu\/\" layout=\"button_count\"><\/fb:like><\/span>","protected":false},"excerpt":{"rendered":"<p>di Laura Ricci______ Il passaggio del primo turno di Coppa Italia conquistato dal Lecce grazie alla vittoria contro il Catanzaro non deconcentra Trinchera che \u00e8 nel pieno delle operazioni di calcio mercato. Il reparto che verr\u00e0 rinforzato sar\u00e0, dopo De Feudis, ancora il centrocampo: arriva in forza al Lecce Sergiu Suciu, centrale classe &#8217;90 nato [&hellip;]<\/p>\n","protected":false},"author":4,"featured_media":0,"comment_status":"open","ping_status":"closed","sticky":false,"template":"","format":"standard","meta":[],"categories":[28],"tags":[],"_links":{"self":[{"href":"https:\/\/www.leccecronaca.it\/index.php\/wp-json\/wp\/v2\/posts\/57258"}],"collection":[{"href":"https:\/\/www.leccecronaca.it\/index.php\/wp-json\/wp\/v2\/posts"}],"about":[{"href":"https:\/\/www.leccecronaca.it\/index.php\/wp-json\/wp\/v2\/types\/post"}],"author":[{"embeddable":true,"href":"https:\/\/www.leccecronaca.it\/index.php\/wp-json\/wp\/v2\/users\/4"}],"replies":[{"embeddable":true,"href":"https:\/\/www.leccecronaca.it\/index.php\/wp-json\/wp\/v2\/comments?post=57258"}],"version-history":[{"count":5,"href":"https:\/\/www.leccecronaca.it\/index.php\/wp-json\/wp\/v2\/posts\/57258\/revisions"}],"predecessor-version":[{"id":57322,"href":"https:\/\/www.leccecronaca.it\/index.php\/wp-json\/wp\/v2\/posts\/57258\/revisions\/57322"}],"wp:attachment":[{"href":"https:\/\/www.leccecronaca.it\/index.php\/wp-json\/wp\/v2\/media?parent=57258"}],"wp:term":[{"taxonomy":"category","embeddable":true,"href":"https:\/\/www.leccecronaca.it\/index.php\/wp-json\/wp\/v2\/categories?post=57258"},{"taxonomy":"post_tag","embeddable":true,"href":"https:\/\/www.leccecronaca.it\/index.php\/wp-json\/wp\/v2\/tags?post=57258"}],"curies":[{"name":"wp","href":"https:\/\/api.w.org\/{rel}","templated":true}]}}