{"id":57291,"date":"2015-08-06T15:57:33","date_gmt":"2015-08-06T13:57:33","guid":{"rendered":"http:\/\/www.leccecronaca.it\/?p=57291"},"modified":"2015-08-06T17:59:37","modified_gmt":"2015-08-06T15:59:37","slug":"mucca-pazza-casualita-o-causalita-il-cluster-del-basso-salento-e-tante-domande-ancora-senza-risposte","status":"publish","type":"post","link":"https:\/\/www.leccecronaca.it\/index.php\/2015\/08\/06\/mucca-pazza-casualita-o-causalita-il-cluster-del-basso-salento-e-tante-domande-ancora-senza-risposte\/","title":{"rendered":"MUCCA PAZZA, CASUALITA&#8217; O CAUSALITA&#8217;? IL &#8216;CLUSTER&#8217;  DEL SALENTO&#8217; E TANTE DOMANDE ANCORA SENZA RISPOSTE"},"content":{"rendered":"<p><img decoding=\"async\" loading=\"lazy\" width=\"300\" height=\"208\" title=\"mucca\" class=\"alignleft size-medium wp-image-57292\" alt=\"\" src=\"https:\/\/www.leccecronaca.it\/wordpress\/wp-content\/uploads\/2015\/08\/mucca-300x208.jpg\" srcset=\"https:\/\/www.leccecronaca.it\/wordpress\/wp-content\/uploads\/2015\/08\/mucca-300x208.jpg 300w, https:\/\/www.leccecronaca.it\/wordpress\/wp-content\/uploads\/2015\/08\/mucca.jpg 430w\" sizes=\"(max-width: 300px) 100vw, 300px\" \/>(<strong>g.p<\/strong>.)______Se \u00e8 compito corretto del giornalista procedere con i piedi di piombo per qualsivoglia argomento, quando si parla di sanit\u00e0 ancora di pi\u00f9 i passi devono essere lenti e misurati, calibrati e precisi.<\/p>\n<p>Sar\u00f2 dunque mia premura, oltre che dovere professionale, cercare di essere cauto e lucido nella fattispecie, che necessita comunque di un altrettanto doveroso approfondimento. Ora, due casi a distanza di pochi giorni e nella stessa zona di una malattia che sembrava confinata negli incubi passati, abbondantemente delineati dal sensazionalismo mediatico, non sono, non possono essere un caso.<\/p>\n<p>L\u2019 incidenza statistica di forme di origine \u2018sconosciuta\u2019 della sindrome della \u2018mucca pazza\u2019 (usiamo per comodit\u00e0 la definizione corrente) \u00e8 talmente rara, che \u00e8 difficile pensare a una casualit\u00e0 per i due decessi avvenuti uno dopo l\u2019 altro nel basso Salento, dove peraltro i casi pregressi sono nettamente superiori alla media nazionale, mentre invece pare pi\u00f9 logico pensare a una causalit\u00e0.<\/p>\n<p>Quale, allora?<\/p>\n<p>Nel suo comunicato, il direttore generale dell\u2019 Asl di Lecce, Giovanni Gorgoni, che abbiamo riportato in sede di notizia nell\u2019 articolo precedente, dice che \u201c<em>Fino ad oggi nessun caso della sindrome in questione verificatosi nel Salento \u00e8 ascrivibile alla forma di origine alimentare<\/em>\u201d; cio\u00e8 dice che non dipendono dalla trasmissione via prione, vale a dire originata dal consumo di carni di origine animale infetta.<\/p>\n<p>Sulla base di quali elementi ha potuto affermare questo?<\/p>\n<p>leccecronaca.it ha chiesto lumi direttamente all\u2019 Asl di Lecce. Ci ha risposto il dottor <strong>Alberto Fedele<\/strong>, direttore del servizio igiene e profilassi: \u201c<em>Sulla base di elementi clinici e di laboratorio<\/em>\u201d; dice il dottor Fedele, insomma, che fino ad oggi, fino cio\u00e8 ai casi precedenti i due degli ultimi giorni, \u201c<em>non ci sono elementi che facciano pensare a origini aliment<\/em>ari\u201d, cio\u00e8 il consumo di carne, \u201c<em>dei due ultimi casi, e comunque per questi ultimi due sono ancora in corso accertamenti<\/em>\u201d.<\/p>\n<p>Fin qui il dottor Fedele, preso telefonicamente nel bel mezzo dei suoi impegni lavorativi, come pure quelli del direttore generale, che gli hanno impedito di poter rispondere direttamente.<\/p>\n<p>Peccato. C\u2019\u00e8 infatti un\u2019 altra cosa che non abbiamo capito e che vorremmo capire, a beneficio dei nostri lettori e di noi tutti.<\/p>\n<p>Che vuol dire quando Giovanni Gorgoni dice, a proposito delle percentuali pregresse da noi elevate, per non dire abnormi, rispetto alla media nazionale: \u201c<em>I dati fanno pensare alla presenza di un cluster specifico del basso Salento, meritevole di approfondimento<\/em>\u201d?.<\/p>\n<p>Che cosa \u00e8 questo \u201c<em>cluster<\/em>\u201d? Che cosa \u00e8 meritevole, ma forse semplicemente doveroso e urgente, di approfondimento?<\/p>\n<p>E\u2019 solo l\u2019 altra domanda, di molte questioni che andrebbero approfondite, s\u00ec: per esempio, i casi di origine genetica, o sconosciuta, perch\u00e9 la letteratura clinica, almeno quella comprensibile dal profano, dice che comunque, per contrarre la malattia, nella cos\u00ec detta variante di Creutzfeldt-Jakob, occorre una predisposizione genetica, presente in meno della met\u00e0 della popolazione generale.<\/p>\n<p>Come si fa a escludere che l\u2019 origine genetica non sia causata, attivata, dal prione di origine animale?<\/p>\n<p>Come mai, poi, abbiamo nel basso Salento, questi dati abnormi, rispetto alla media nazionale e all\u2019 incidenza attestata dall\u2019 epidemiologia scientifica?<\/p>\n<p>Ancora, quanto ai \u201c<em>rigidi protocolli di tracciatura e controllo delle carni intervenuti dopo le epidemie in Gran Bretagna<\/em>\u201d che <em>\u201cci rassicurano per il futur<\/em>o\u201d, come ha detto il direttore generale, questi rigidi protocolli comprendono wurstel, hamburger e insaccati? E il latte? Tutti elementi potenzialmente pericolosi. E il controllo, si estende alle tecniche di macellazione degli animali? Comprendono essi l\u2019 ambiente in cui gli animali vivono e le modalit\u00e0 con cui sono allevati?<\/p>\n<p>Insomma, calma e piedi di piombo: ma per una malattia senza cura e letale, tutto sommato rarissima, che invece qui nel Salento colpisce molto di pi\u00f9 che altrove e poi, ancora,\u00a0all&#8217; improvviso\u00a0ricompare e fa due morti in tre giorni, sono domande crediamo legittime, cui le autorit\u00e0 competenti devono dare risposte precise e urgenti,\u00a0nella speranza che\u00a0possano essere\u00a0pure rassicuranti.<\/p>\n<p>&nbsp;<\/p>\n<p>&nbsp;<\/p>\n<p>&nbsp;<\/p>\n<p>&nbsp;<\/p>\n<p>&nbsp;<\/p>\n<p>&nbsp;<\/p>\n<fb:like href='https:\/\/www.leccecronaca.it\/index.php\/2015\/08\/06\/mucca-pazza-casualita-o-causalita-il-cluster-del-basso-salento-e-tante-domande-ancora-senza-risposte\/' send='true' layout='button_count' show_faces='true' width='450' height='65' action='recommend' colorscheme='light' font='lucida grande'><\/fb:like><span class=\"fb_share\"><fb:like href=\"https:\/\/www.leccecronaca.it\/index.php\/2015\/08\/06\/mucca-pazza-casualita-o-causalita-il-cluster-del-basso-salento-e-tante-domande-ancora-senza-risposte\/\" layout=\"button_count\"><\/fb:like><\/span>","protected":false},"excerpt":{"rendered":"<p>(g.p.)______Se \u00e8 compito corretto del giornalista procedere con i piedi di piombo per qualsivoglia argomento, quando si parla di sanit\u00e0 ancora di pi\u00f9 i passi devono essere lenti e misurati, calibrati e precisi. Sar\u00f2 dunque mia premura, oltre che dovere professionale, cercare di essere cauto e lucido nella fattispecie, che necessita comunque di un altrettanto [&hellip;]<\/p>\n","protected":false},"author":4,"featured_media":57292,"comment_status":"open","ping_status":"closed","sticky":false,"template":"","format":"standard","meta":[],"categories":[69],"tags":[],"_links":{"self":[{"href":"https:\/\/www.leccecronaca.it\/index.php\/wp-json\/wp\/v2\/posts\/57291"}],"collection":[{"href":"https:\/\/www.leccecronaca.it\/index.php\/wp-json\/wp\/v2\/posts"}],"about":[{"href":"https:\/\/www.leccecronaca.it\/index.php\/wp-json\/wp\/v2\/types\/post"}],"author":[{"embeddable":true,"href":"https:\/\/www.leccecronaca.it\/index.php\/wp-json\/wp\/v2\/users\/4"}],"replies":[{"embeddable":true,"href":"https:\/\/www.leccecronaca.it\/index.php\/wp-json\/wp\/v2\/comments?post=57291"}],"version-history":[{"count":6,"href":"https:\/\/www.leccecronaca.it\/index.php\/wp-json\/wp\/v2\/posts\/57291\/revisions"}],"predecessor-version":[{"id":57294,"href":"https:\/\/www.leccecronaca.it\/index.php\/wp-json\/wp\/v2\/posts\/57291\/revisions\/57294"}],"wp:featuredmedia":[{"embeddable":true,"href":"https:\/\/www.leccecronaca.it\/index.php\/wp-json\/wp\/v2\/media\/57292"}],"wp:attachment":[{"href":"https:\/\/www.leccecronaca.it\/index.php\/wp-json\/wp\/v2\/media?parent=57291"}],"wp:term":[{"taxonomy":"category","embeddable":true,"href":"https:\/\/www.leccecronaca.it\/index.php\/wp-json\/wp\/v2\/categories?post=57291"},{"taxonomy":"post_tag","embeddable":true,"href":"https:\/\/www.leccecronaca.it\/index.php\/wp-json\/wp\/v2\/tags?post=57291"}],"curies":[{"name":"wp","href":"https:\/\/api.w.org\/{rel}","templated":true}]}}