{"id":57849,"date":"2015-08-12T22:29:45","date_gmt":"2015-08-12T20:29:45","guid":{"rendered":"http:\/\/www.leccecronaca.it\/?p=57849"},"modified":"2015-08-12T22:41:24","modified_gmt":"2015-08-12T20:41:24","slug":"cian-e-andato-in-pensione","status":"publish","type":"post","link":"https:\/\/www.leccecronaca.it\/index.php\/2015\/08\/12\/cian-e-andato-in-pensione\/","title":{"rendered":"CIAN E&#8217; ANDATO IN PENSIONE"},"content":{"rendered":"<p><img decoding=\"async\" loading=\"lazy\" src=\"https:\/\/www.leccecronaca.it\/wordpress\/wp-content\/uploads\/2015\/08\/173221180-7c910e26-38d4-4725-a14e-3b1230dabc19.jpg\" alt=\"\" title=\"173221180-7c910e26-38d4-4725-a14e-3b1230dabc19\" width=\"300\" height=\"199\" class=\"alignleft size-full wp-image-57850\" \/>(Rdl)______Pochi giorni fa aveva chiuso col botto, il pi\u00f9 grosso sequestro di cocaina mai effettuato in Puglia, a Francavilla Fontana, trovata da lui nel doppio fondo della carrozzeria di un&#8217; auto.<\/p>\n<p>Sar\u00e0 anche per questo che magari l&#8217; hanno premiato, forse regalandogli qualche settimana di congedo anticipato, in barba alla Fornero, e senza che Renzi venisse a saperlo, se no&#8230;<\/p>\n<p>Oggi, Cian, uno splendido esemplare di pastore tedesco, 10 anni, dopo 7 di onorata carriera, in forza all&#8217; unit\u00e0 cinofila di Modugno dei Carabinieri, \u00e8 andato in pensione.<\/p>\n<p>Niente pi\u00f9 levatacce all&#8217; alba, o perlustrazioni a notte fonda. Ora potr\u00e0 giocare liberamente con i suoi pupazzi di pezza, che fino ad adesso si \u00e8 dovuto invece sudare andando a trovare la droga nascosta nei luoghi pi\u00f9 impensabili, ma non per lui, o con ore e ore di duro addestramento. Star\u00e0 proprio a casa del militare suo addestratore che si godr\u00e0 il giusto riposo e il meritato divertimento.<\/p>\n<p>&nbsp;<\/p>\n<fb:like href='https:\/\/www.leccecronaca.it\/index.php\/2015\/08\/12\/cian-e-andato-in-pensione\/' send='true' layout='button_count' show_faces='true' width='450' height='65' action='recommend' colorscheme='light' font='lucida grande'><\/fb:like><span class=\"fb_share\"><fb:like href=\"https:\/\/www.leccecronaca.it\/index.php\/2015\/08\/12\/cian-e-andato-in-pensione\/\" layout=\"button_count\"><\/fb:like><\/span>","protected":false},"excerpt":{"rendered":"<p>(Rdl)______Pochi giorni fa aveva chiuso col botto, il pi\u00f9 grosso sequestro di cocaina mai effettuato in Puglia, a Francavilla Fontana, trovata da lui nel doppio fondo della carrozzeria di un&#8217; auto. Sar\u00e0 anche per questo che magari l&#8217; hanno premiato, forse regalandogli qualche settimana di congedo anticipato, in barba alla Fornero, e senza che Renzi [&hellip;]<\/p>\n","protected":false},"author":4,"featured_media":57850,"comment_status":"open","ping_status":"closed","sticky":false,"template":"","format":"standard","meta":[],"categories":[69],"tags":[],"_links":{"self":[{"href":"https:\/\/www.leccecronaca.it\/index.php\/wp-json\/wp\/v2\/posts\/57849"}],"collection":[{"href":"https:\/\/www.leccecronaca.it\/index.php\/wp-json\/wp\/v2\/posts"}],"about":[{"href":"https:\/\/www.leccecronaca.it\/index.php\/wp-json\/wp\/v2\/types\/post"}],"author":[{"embeddable":true,"href":"https:\/\/www.leccecronaca.it\/index.php\/wp-json\/wp\/v2\/users\/4"}],"replies":[{"embeddable":true,"href":"https:\/\/www.leccecronaca.it\/index.php\/wp-json\/wp\/v2\/comments?post=57849"}],"version-history":[{"count":4,"href":"https:\/\/www.leccecronaca.it\/index.php\/wp-json\/wp\/v2\/posts\/57849\/revisions"}],"predecessor-version":[{"id":57852,"href":"https:\/\/www.leccecronaca.it\/index.php\/wp-json\/wp\/v2\/posts\/57849\/revisions\/57852"}],"wp:featuredmedia":[{"embeddable":true,"href":"https:\/\/www.leccecronaca.it\/index.php\/wp-json\/wp\/v2\/media\/57850"}],"wp:attachment":[{"href":"https:\/\/www.leccecronaca.it\/index.php\/wp-json\/wp\/v2\/media?parent=57849"}],"wp:term":[{"taxonomy":"category","embeddable":true,"href":"https:\/\/www.leccecronaca.it\/index.php\/wp-json\/wp\/v2\/categories?post=57849"},{"taxonomy":"post_tag","embeddable":true,"href":"https:\/\/www.leccecronaca.it\/index.php\/wp-json\/wp\/v2\/tags?post=57849"}],"curies":[{"name":"wp","href":"https:\/\/api.w.org\/{rel}","templated":true}]}}