{"id":57930,"date":"2015-08-14T11:17:40","date_gmt":"2015-08-14T09:17:40","guid":{"rendered":"http:\/\/www.leccecronaca.it\/?p=57930"},"modified":"2015-08-14T11:17:40","modified_gmt":"2015-08-14T09:17:40","slug":"lecce-il-giovane-talento-pessina-arriva-in-giallorosso-dal-milan","status":"publish","type":"post","link":"https:\/\/www.leccecronaca.it\/index.php\/2015\/08\/14\/lecce-il-giovane-talento-pessina-arriva-in-giallorosso-dal-milan\/","title":{"rendered":"LECCE\/ IL GIOVANE TALENTO PESSINA ARRIVA IN GIALLOROSSO DAL MILAN"},"content":{"rendered":"<div id=\"attachment_57934\" style=\"width: 270px\" class=\"wp-caption alignleft\"><img aria-describedby=\"caption-attachment-57934\" decoding=\"async\" loading=\"lazy\" src=\"https:\/\/www.leccecronaca.it\/wordpress\/wp-content\/uploads\/2015\/08\/544cc6627d24958f4b57240673a7c0af-58801-a340758f2cb89853d49ee8c02f361a18.jpeg\" title=\"544cc6627d24958f4b57240673a7c0af-58801-a340758f2cb89853d49ee8c02f361a18\" width=\"260\" height=\"260\" class=\"size-full wp-image-57934\" srcset=\"https:\/\/www.leccecronaca.it\/wordpress\/wp-content\/uploads\/2015\/08\/544cc6627d24958f4b57240673a7c0af-58801-a340758f2cb89853d49ee8c02f361a18.jpeg 260w, https:\/\/www.leccecronaca.it\/wordpress\/wp-content\/uploads\/2015\/08\/544cc6627d24958f4b57240673a7c0af-58801-a340758f2cb89853d49ee8c02f361a18-150x150.jpg 150w\" sizes=\"(max-width: 260px) 100vw, 260px\" \/><p id=\"caption-attachment-57934\" class=\"wp-caption-text\">Foto da: milannews.it<\/p><\/div>\n<p>di <strong>Laura Ricci<\/strong>_____<\/p>\n<p>Un nuovo volto giovane approda in casa <strong>Lecce<\/strong>: la societ\u00e0 giallorossa ha scelto di puntare su <strong>Matteo Pessina<\/strong>, giovanissimo trequartista classe 1997, gioiello baby nato a <strong>Monza<\/strong> e cresciuto calcisticamente nel club della propria citt\u00e0.<\/p>\n<p>Passato dal settore giovanile alla prima squadra, nella scorsa stagione il giocatore ha disputato venti gare con la maglia del <strong>Monza<\/strong>, mettendo a segno tre reti.<\/p>\n<p>Le prestazioni del centrocampista sono state oggetto di contesa in questa calda estate di calciomercato da parte di <strong>Milan e Inter<\/strong>; se nei primi momenti si pensava che fosse fatta per il suo approdo in nerazzurro, il Milan \u00e8 riuscito in seconda battuta a soffiare ai &#8220;cugini&#8221; il talentuoso Pessina acquistandolo a titolo definitivo fino al 2019.<\/p>\n<p>Il Lecce, dopo questa operazione, ha convinto i rossoneri a ottenerlo con la formula del prestito, permettendogli cos\u00ec di continuare l&#8217;esperienza in <strong>Lega Pro<\/strong> iniziata lo scorso anno, in modo tale da poter accrescere sicurezza e personalit\u00e0, apportando un innesto importante nella squadra.<\/p>\n<p>Un&#8217;ottima occasione dunque per il Lecce di poter avere in rosa un giocatore giovane ma gi\u00e0 con alle spalle un campionato in prima squadra. Pessina vorr\u00e0 mettersi in vetrina per dimostrare il proprio valore e le proprie potenzialit\u00e0.<\/p>\n<fb:like href='https:\/\/www.leccecronaca.it\/index.php\/2015\/08\/14\/lecce-il-giovane-talento-pessina-arriva-in-giallorosso-dal-milan\/' send='true' layout='button_count' show_faces='true' width='450' height='65' action='recommend' colorscheme='light' font='lucida grande'><\/fb:like><span class=\"fb_share\"><fb:like href=\"https:\/\/www.leccecronaca.it\/index.php\/2015\/08\/14\/lecce-il-giovane-talento-pessina-arriva-in-giallorosso-dal-milan\/\" layout=\"button_count\"><\/fb:like><\/span>","protected":false},"excerpt":{"rendered":"<p>di Laura Ricci_____ Un nuovo volto giovane approda in casa Lecce: la societ\u00e0 giallorossa ha scelto di puntare su Matteo Pessina, giovanissimo trequartista classe 1997, gioiello baby nato a Monza e cresciuto calcisticamente nel club della propria citt\u00e0. Passato dal settore giovanile alla prima squadra, nella scorsa stagione il giocatore ha disputato venti gare con [&hellip;]<\/p>\n","protected":false},"author":4,"featured_media":0,"comment_status":"open","ping_status":"closed","sticky":false,"template":"","format":"standard","meta":[],"categories":[28],"tags":[],"_links":{"self":[{"href":"https:\/\/www.leccecronaca.it\/index.php\/wp-json\/wp\/v2\/posts\/57930"}],"collection":[{"href":"https:\/\/www.leccecronaca.it\/index.php\/wp-json\/wp\/v2\/posts"}],"about":[{"href":"https:\/\/www.leccecronaca.it\/index.php\/wp-json\/wp\/v2\/types\/post"}],"author":[{"embeddable":true,"href":"https:\/\/www.leccecronaca.it\/index.php\/wp-json\/wp\/v2\/users\/4"}],"replies":[{"embeddable":true,"href":"https:\/\/www.leccecronaca.it\/index.php\/wp-json\/wp\/v2\/comments?post=57930"}],"version-history":[{"count":4,"href":"https:\/\/www.leccecronaca.it\/index.php\/wp-json\/wp\/v2\/posts\/57930\/revisions"}],"predecessor-version":[{"id":57935,"href":"https:\/\/www.leccecronaca.it\/index.php\/wp-json\/wp\/v2\/posts\/57930\/revisions\/57935"}],"wp:attachment":[{"href":"https:\/\/www.leccecronaca.it\/index.php\/wp-json\/wp\/v2\/media?parent=57930"}],"wp:term":[{"taxonomy":"category","embeddable":true,"href":"https:\/\/www.leccecronaca.it\/index.php\/wp-json\/wp\/v2\/categories?post=57930"},{"taxonomy":"post_tag","embeddable":true,"href":"https:\/\/www.leccecronaca.it\/index.php\/wp-json\/wp\/v2\/tags?post=57930"}],"curies":[{"name":"wp","href":"https:\/\/api.w.org\/{rel}","templated":true}]}}