{"id":58058,"date":"2015-08-15T06:01:43","date_gmt":"2015-08-15T04:01:43","guid":{"rendered":"http:\/\/www.leccecronaca.it\/?p=58058"},"modified":"2015-08-15T17:28:20","modified_gmt":"2015-08-15T15:28:20","slug":"58058","status":"publish","type":"post","link":"https:\/\/www.leccecronaca.it\/index.php\/2015\/08\/15\/58058\/","title":{"rendered":"&#8230;FINALMENTE!"},"content":{"rendered":"<p><img decoding=\"async\" loading=\"lazy\" src=\"https:\/\/www.leccecronaca.it\/wordpress\/wp-content\/uploads\/2015\/08\/11903695_10204977072402210_5365064603942882979_n.jpg\" alt=\"\" title=\"11903695_10204977072402210_5365064603942882979_n\" width=\"960\" height=\"540\" class=\"alignleft size-full wp-image-58059\" srcset=\"https:\/\/www.leccecronaca.it\/wordpress\/wp-content\/uploads\/2015\/08\/11903695_10204977072402210_5365064603942882979_n.jpg 960w, https:\/\/www.leccecronaca.it\/wordpress\/wp-content\/uploads\/2015\/08\/11903695_10204977072402210_5365064603942882979_n-300x168.jpg 300w\" sizes=\"(max-width: 960px) 100vw, 960px\" \/>(Rdl)______A dire la verit\u00e0, con un po&#8217; di ritardo, dopo il gran caldo di questi giorni, ma comunque verr\u00e0 buona nel prosieguo della stagione. e, se resister\u00e0 all&#8217; uso intenso che ne sar\u00e0 fatto subito, andr\u00e0 poi in soffitta, e servir\u00e0 la prossima estate. Fatto sta che finalmente nel giardino della casa leccese di Zora, una meticcia di dieci anni, da due giorni \u00e8 arrivata la piscina. Nella vasca manca, come si vede, l&#8217; idromassaggio, ma pazienza, chi si accontenta gode. E Zora ne godr\u00e0 moltissimo.<\/p>\n<fb:like href='https:\/\/www.leccecronaca.it\/index.php\/2015\/08\/15\/58058\/' send='true' layout='button_count' show_faces='true' width='450' height='65' action='recommend' colorscheme='light' font='lucida grande'><\/fb:like><span class=\"fb_share\"><fb:like href=\"https:\/\/www.leccecronaca.it\/index.php\/2015\/08\/15\/58058\/\" layout=\"button_count\"><\/fb:like><\/span>","protected":false},"excerpt":{"rendered":"<p>(Rdl)______A dire la verit\u00e0, con un po&#8217; di ritardo, dopo il gran caldo di questi giorni, ma comunque verr\u00e0 buona nel prosieguo della stagione. e, se resister\u00e0 all&#8217; uso intenso che ne sar\u00e0 fatto subito, andr\u00e0 poi in soffitta, e servir\u00e0 la prossima estate. Fatto sta che finalmente nel giardino della casa leccese di Zora, [&hellip;]<\/p>\n","protected":false},"author":4,"featured_media":58059,"comment_status":"open","ping_status":"closed","sticky":false,"template":"","format":"standard","meta":[],"categories":[69],"tags":[],"_links":{"self":[{"href":"https:\/\/www.leccecronaca.it\/index.php\/wp-json\/wp\/v2\/posts\/58058"}],"collection":[{"href":"https:\/\/www.leccecronaca.it\/index.php\/wp-json\/wp\/v2\/posts"}],"about":[{"href":"https:\/\/www.leccecronaca.it\/index.php\/wp-json\/wp\/v2\/types\/post"}],"author":[{"embeddable":true,"href":"https:\/\/www.leccecronaca.it\/index.php\/wp-json\/wp\/v2\/users\/4"}],"replies":[{"embeddable":true,"href":"https:\/\/www.leccecronaca.it\/index.php\/wp-json\/wp\/v2\/comments?post=58058"}],"version-history":[{"count":4,"href":"https:\/\/www.leccecronaca.it\/index.php\/wp-json\/wp\/v2\/posts\/58058\/revisions"}],"predecessor-version":[{"id":58063,"href":"https:\/\/www.leccecronaca.it\/index.php\/wp-json\/wp\/v2\/posts\/58058\/revisions\/58063"}],"wp:featuredmedia":[{"embeddable":true,"href":"https:\/\/www.leccecronaca.it\/index.php\/wp-json\/wp\/v2\/media\/58059"}],"wp:attachment":[{"href":"https:\/\/www.leccecronaca.it\/index.php\/wp-json\/wp\/v2\/media?parent=58058"}],"wp:term":[{"taxonomy":"category","embeddable":true,"href":"https:\/\/www.leccecronaca.it\/index.php\/wp-json\/wp\/v2\/categories?post=58058"},{"taxonomy":"post_tag","embeddable":true,"href":"https:\/\/www.leccecronaca.it\/index.php\/wp-json\/wp\/v2\/tags?post=58058"}],"curies":[{"name":"wp","href":"https:\/\/api.w.org\/{rel}","templated":true}]}}