{"id":58343,"date":"2015-08-19T15:33:34","date_gmt":"2015-08-19T13:33:34","guid":{"rendered":"http:\/\/www.leccecronaca.it\/?p=58343"},"modified":"2015-08-19T15:33:34","modified_gmt":"2015-08-19T13:33:34","slug":"denunciato-ciclista-a-mesagne","status":"publish","type":"post","link":"https:\/\/www.leccecronaca.it\/index.php\/2015\/08\/19\/denunciato-ciclista-a-mesagne\/","title":{"rendered":"DENUNCIATO CICLISTA A MESAGNE"},"content":{"rendered":"<p><img decoding=\"async\" loading=\"lazy\" src=\"https:\/\/www.leccecronaca.it\/wordpress\/wp-content\/uploads\/2015\/08\/mesagne.jpeg\" alt=\"\" title=\"mesagne\" width=\"275\" height=\"183\" class=\"alignleft size-full wp-image-58344\" \/>(t.l.)______In sella ad una bicicletta, travolge una ragazza di 13 anni che camminava per strada, le procura ferite al viso, ma non si ferma a prestarle soccorso, perch\u00e9, come ha raccontato pi\u00f9 tardi, impaurito dalla reazione dei passanti. Lei se l&#8217;\u00e8 cavata con una prognosi di una settimana, dopo le cure dei sanitari dell&#8217; ospedale &#8216;Perrino&#8217; di Brindisi. Lui \u00e8 stato rintracciato dai carabinieri e denunciato per omissione di soccorso. E&#8217; accaduto questa mattina a Mesagne (nella foto).<\/p>\n<fb:like href='https:\/\/www.leccecronaca.it\/index.php\/2015\/08\/19\/denunciato-ciclista-a-mesagne\/' send='true' layout='button_count' show_faces='true' width='450' height='65' action='recommend' colorscheme='light' font='lucida grande'><\/fb:like><span class=\"fb_share\"><fb:like href=\"https:\/\/www.leccecronaca.it\/index.php\/2015\/08\/19\/denunciato-ciclista-a-mesagne\/\" layout=\"button_count\"><\/fb:like><\/span>","protected":false},"excerpt":{"rendered":"<p>(t.l.)______In sella ad una bicicletta, travolge una ragazza di 13 anni che camminava per strada, le procura ferite al viso, ma non si ferma a prestarle soccorso, perch\u00e9, come ha raccontato pi\u00f9 tardi, impaurito dalla reazione dei passanti. Lei se l&#8217;\u00e8 cavata con una prognosi di una settimana, dopo le cure dei sanitari dell&#8217; ospedale [&hellip;]<\/p>\n","protected":false},"author":4,"featured_media":58344,"comment_status":"open","ping_status":"closed","sticky":false,"template":"","format":"standard","meta":[],"categories":[69],"tags":[],"_links":{"self":[{"href":"https:\/\/www.leccecronaca.it\/index.php\/wp-json\/wp\/v2\/posts\/58343"}],"collection":[{"href":"https:\/\/www.leccecronaca.it\/index.php\/wp-json\/wp\/v2\/posts"}],"about":[{"href":"https:\/\/www.leccecronaca.it\/index.php\/wp-json\/wp\/v2\/types\/post"}],"author":[{"embeddable":true,"href":"https:\/\/www.leccecronaca.it\/index.php\/wp-json\/wp\/v2\/users\/4"}],"replies":[{"embeddable":true,"href":"https:\/\/www.leccecronaca.it\/index.php\/wp-json\/wp\/v2\/comments?post=58343"}],"version-history":[{"count":2,"href":"https:\/\/www.leccecronaca.it\/index.php\/wp-json\/wp\/v2\/posts\/58343\/revisions"}],"predecessor-version":[{"id":58346,"href":"https:\/\/www.leccecronaca.it\/index.php\/wp-json\/wp\/v2\/posts\/58343\/revisions\/58346"}],"wp:featuredmedia":[{"embeddable":true,"href":"https:\/\/www.leccecronaca.it\/index.php\/wp-json\/wp\/v2\/media\/58344"}],"wp:attachment":[{"href":"https:\/\/www.leccecronaca.it\/index.php\/wp-json\/wp\/v2\/media?parent=58343"}],"wp:term":[{"taxonomy":"category","embeddable":true,"href":"https:\/\/www.leccecronaca.it\/index.php\/wp-json\/wp\/v2\/categories?post=58343"},{"taxonomy":"post_tag","embeddable":true,"href":"https:\/\/www.leccecronaca.it\/index.php\/wp-json\/wp\/v2\/tags?post=58343"}],"curies":[{"name":"wp","href":"https:\/\/api.w.org\/{rel}","templated":true}]}}