{"id":58347,"date":"2015-08-19T15:20:05","date_gmt":"2015-08-19T13:20:05","guid":{"rendered":"http:\/\/www.leccecronaca.it\/?p=58347"},"modified":"2015-08-19T15:47:31","modified_gmt":"2015-08-19T13:47:31","slug":"luigi-manca-contro-i-taglinin-sanita","status":"publish","type":"post","link":"https:\/\/www.leccecronaca.it\/index.php\/2015\/08\/19\/luigi-manca-contro-i-taglinin-sanita\/","title":{"rendered":"LUIGI MANCA CONTRO I TAGLI IN SANITA&#8217;"},"content":{"rendered":"<p><img decoding=\"async\" loading=\"lazy\" src=\"https:\/\/www.leccecronaca.it\/wordpress\/wp-content\/uploads\/2015\/08\/luigi-manca.jpeg\" alt=\"\" title=\"luigi manca\" width=\"225\" height=\"225\" class=\"alignleft size-full wp-image-58349\" srcset=\"https:\/\/www.leccecronaca.it\/wordpress\/wp-content\/uploads\/2015\/08\/luigi-manca.jpeg 225w, https:\/\/www.leccecronaca.it\/wordpress\/wp-content\/uploads\/2015\/08\/luigi-manca-150x150.jpg 150w\" sizes=\"(max-width: 225px) 100vw, 225px\" \/>Riceviamo e volentieri pubblichiamo. Da Bari, il\u00a0consigliere regionale del Movimento Schittulli &#8211; Area Popolare Luigi Manca (nella foto) ci scrive______<\/p>\n<p>Il diritto alla Salute \u00e8 garantito dalla Costituzione, ma i tagli annunciati da Matteo Renzi, con atteggiamento arrogante da maestrino nei confronti dei medici considerati come degli scolaretti da inquadrare e bacchettare, rischiano seriamente di lederlo e comprometterlo. Piuttosto che intervenire sui veri sprechi &#8211; prevedere ricoveri standardizzati per ogni patologia; istituire finalmente la Centrale unica di acquisti da tempo immemorabile annunciata, promessa e mai realizzata; premiare, sostenere e incentivare il pubblico e il privato che valgono e rendono servizi e prestazioni eccellenti per la collettivit\u00e0, e depennare quelle strutture che non garantiscono n\u00e9 efficienza n\u00e9 qualit\u00e0; ridurre la mobilit\u00e0 passiva cresciuta negli ultimi anni in maniera esponenziale (in particolare per oncologia e ortopedia) pubblicizzando e garantendo maggiori risorse alle strutture che funzionano e sono continuamente penalizzate da vincoli di budget e posti letto; ridurre il numero e il lavoro delle tante Commissioni Inps inutili che alimentano solo burocrazia e sottopongono pazienti con determinate patologie a stress snervanti, per fare solo degli esempi \u2013 si vuole imporre al medico quale esame specialistico prescrivere e quale meno, con minacce e ricadute dirette sulla sua persona e sul suo ruolo. Senza alcuna tutela da parte dello Stato sul piano legale, come avviene per altre professioni con ben altra considerazione.<\/p>\n<p>Il risultato fin troppo prevedibile, non avendo la categoria capacit\u00e0 divinatorie &#8211; e anche un semplice mal di testa potrebbe essere indice di una patologia ad alto rischio \u2013 sar\u00e0 l\u2019ulteriore intasamento dei Pronto Soccorso, e l\u2019accentuarsi della forbice tra chi potr\u00e0 permettersi comunque esami specialistici a proprie spese e chi sar\u00e0 costretto a rinunciarci per ragioni economiche. Anche e soprattutto per effetto dell\u2019ulteriore scure annunciata su ben 180 importanti prestazioni ed esami che saranno a pagamento senza alcuna distinzione tra fasce di reddito, che avvicinano pericolosamente la sanit\u00e0 pubblica italiana al modello americano, discriminando pesantemente- non prevedendo alcuna esenzione &#8211; in particolare le fasce di popolazione meno abbienti e pi\u00f9 bisognose di attenzioni e cure.<\/p>\n<p>Per questo auspico e sollecito una dura presa di posizione degli Ordini dei Medici regionali e della politica, a partire dal Governatore Michele Emiliano che ha ritenuto opportuno evocare a s\u00e9 la delega alla Sanit\u00e0, senza avere evidentemente la piena consapevolezza dell\u2019enormit\u00e0 e complessit\u00e0 delle problematiche da affrontare e gestire. Anche se la deriva decisionista del premier Renzi (mai eletto dai cittadini italiani, \u00e8 il caso di ricordarlo) rende l\u2019opposizione manifestata dallo stesso Emiliano \u2013 su riforma della scuola, Tap, trivellazioni nell\u2019Adriatico \u2013 flebile e irrisoria, pi\u00f9 d\u2019immagine nei confronti dello stesso elettorato deluso e manifestamente contrario, che sostanziale.<\/p>\n<p>&nbsp;<\/p>\n<p>&nbsp;<\/p>\n<fb:like href='https:\/\/www.leccecronaca.it\/index.php\/2015\/08\/19\/luigi-manca-contro-i-taglinin-sanita\/' send='true' layout='button_count' show_faces='true' width='450' height='65' action='recommend' colorscheme='light' font='lucida grande'><\/fb:like><span class=\"fb_share\"><fb:like href=\"https:\/\/www.leccecronaca.it\/index.php\/2015\/08\/19\/luigi-manca-contro-i-taglinin-sanita\/\" layout=\"button_count\"><\/fb:like><\/span>","protected":false},"excerpt":{"rendered":"<p>Riceviamo e volentieri pubblichiamo. Da Bari, il\u00a0consigliere regionale del Movimento Schittulli &#8211; Area Popolare Luigi Manca (nella foto) ci scrive______ Il diritto alla Salute \u00e8 garantito dalla Costituzione, ma i tagli annunciati da Matteo Renzi, con atteggiamento arrogante da maestrino nei confronti dei medici considerati come degli scolaretti da inquadrare e bacchettare, rischiano seriamente di [&hellip;]<\/p>\n","protected":false},"author":4,"featured_media":58349,"comment_status":"open","ping_status":"closed","sticky":false,"template":"","format":"standard","meta":[],"categories":[36],"tags":[],"_links":{"self":[{"href":"https:\/\/www.leccecronaca.it\/index.php\/wp-json\/wp\/v2\/posts\/58347"}],"collection":[{"href":"https:\/\/www.leccecronaca.it\/index.php\/wp-json\/wp\/v2\/posts"}],"about":[{"href":"https:\/\/www.leccecronaca.it\/index.php\/wp-json\/wp\/v2\/types\/post"}],"author":[{"embeddable":true,"href":"https:\/\/www.leccecronaca.it\/index.php\/wp-json\/wp\/v2\/users\/4"}],"replies":[{"embeddable":true,"href":"https:\/\/www.leccecronaca.it\/index.php\/wp-json\/wp\/v2\/comments?post=58347"}],"version-history":[{"count":3,"href":"https:\/\/www.leccecronaca.it\/index.php\/wp-json\/wp\/v2\/posts\/58347\/revisions"}],"predecessor-version":[{"id":58352,"href":"https:\/\/www.leccecronaca.it\/index.php\/wp-json\/wp\/v2\/posts\/58347\/revisions\/58352"}],"wp:featuredmedia":[{"embeddable":true,"href":"https:\/\/www.leccecronaca.it\/index.php\/wp-json\/wp\/v2\/media\/58349"}],"wp:attachment":[{"href":"https:\/\/www.leccecronaca.it\/index.php\/wp-json\/wp\/v2\/media?parent=58347"}],"wp:term":[{"taxonomy":"category","embeddable":true,"href":"https:\/\/www.leccecronaca.it\/index.php\/wp-json\/wp\/v2\/categories?post=58347"},{"taxonomy":"post_tag","embeddable":true,"href":"https:\/\/www.leccecronaca.it\/index.php\/wp-json\/wp\/v2\/tags?post=58347"}],"curies":[{"name":"wp","href":"https:\/\/api.w.org\/{rel}","templated":true}]}}