{"id":58538,"date":"2015-08-22T10:03:37","date_gmt":"2015-08-22T08:03:37","guid":{"rendered":"http:\/\/www.leccecronaca.it\/?p=58538"},"modified":"2015-08-22T10:03:37","modified_gmt":"2015-08-22T08:03:37","slug":"san-foca-ha-una-spiaggia-attrezzata-per-malati-di-sla-e-disabili","status":"publish","type":"post","link":"https:\/\/www.leccecronaca.it\/index.php\/2015\/08\/22\/san-foca-ha-una-spiaggia-attrezzata-per-malati-di-sla-e-disabili\/","title":{"rendered":"SAN FOCA HA UNA SPIAGGIA ATTREZZATA PER MALATI DI SLA E DISABILI"},"content":{"rendered":"<p><img decoding=\"async\" loading=\"lazy\" src=\"https:\/\/www.leccecronaca.it\/wordpress\/wp-content\/uploads\/2015\/08\/buenaventura.png\" alt=\"\" title=\"buenaventura\" width=\"800\" height=\"635\" class=\"alignleft size-full wp-image-58547\" srcset=\"https:\/\/www.leccecronaca.it\/wordpress\/wp-content\/uploads\/2015\/08\/buenaventura.png 800w, https:\/\/www.leccecronaca.it\/wordpress\/wp-content\/uploads\/2015\/08\/buenaventura-300x238.png 300w\" sizes=\"(max-width: 800px) 100vw, 800px\" \/>Una volta i lidi per disabili erano l&#8217;escamotage che i Consiglieri regionali consigliavano ai loro amici di utilizzare per superare i tempi biblici della burocrazia, passando davanti a tutti coloro che da\u00a0anni attendevano di avere una concessione per un lido.<br \/>\nPoi trascorso un anno quel lido diveniva simile a tutti gli altri, in barba ai disabili ai loro problemi e alle loro famiglie.<br \/>\nUno degli ultimi nati in questo modo e il lido Bonaventura che a suo tempo nacque come lido per disabili, e che oggi ironia della sorte \u00e8 invece \u00e8 il lido degli sportivi, degli appassionati di Kite surf.<br \/>\nNaturalmente ci riferiamo ad oltre una decina di anni fa, e i bravissimi gestori odierni del del lido non c&#8217;entrano nulla con quanto raccontato.<br \/>\nStavolta per\u00f2 \u00e8 diverso in quanto il proprietario il problema della disabilit\u00e0 lo vive sulla sua pelle.<br \/>\nQuindi un plauso per questa iniziativa, che non \u00e8 fine a se stessa come mille altre, ma \u00e8 una realt\u00e0 concreta che serve per davvero i disabili, il Salento \u00e8 di iniziative come queste che ha bisogno, non di chiacchiere, convegni e manifestazioni che lasciano il tempo che trovano.<br \/>\nServono fatti concreti, e questo di San Foca lo \u00e8.<\/p>\n<p>&nbsp;<\/p>\n<fb:like href='https:\/\/www.leccecronaca.it\/index.php\/2015\/08\/22\/san-foca-ha-una-spiaggia-attrezzata-per-malati-di-sla-e-disabili\/' send='true' layout='button_count' show_faces='true' width='450' height='65' action='recommend' colorscheme='light' font='lucida grande'><\/fb:like><span class=\"fb_share\"><fb:like href=\"https:\/\/www.leccecronaca.it\/index.php\/2015\/08\/22\/san-foca-ha-una-spiaggia-attrezzata-per-malati-di-sla-e-disabili\/\" layout=\"button_count\"><\/fb:like><\/span>","protected":false},"excerpt":{"rendered":"<p>Una volta i lidi per disabili erano l&#8217;escamotage che i Consiglieri regionali consigliavano ai loro amici di utilizzare per superare i tempi biblici della burocrazia, passando davanti a tutti coloro che da\u00a0anni attendevano di avere una concessione per un lido. Poi trascorso un anno quel lido diveniva simile a tutti gli altri, in barba ai [&hellip;]<\/p>\n","protected":false},"author":4,"featured_media":58547,"comment_status":"open","ping_status":"closed","sticky":false,"template":"","format":"standard","meta":[],"categories":[1],"tags":[],"_links":{"self":[{"href":"https:\/\/www.leccecronaca.it\/index.php\/wp-json\/wp\/v2\/posts\/58538"}],"collection":[{"href":"https:\/\/www.leccecronaca.it\/index.php\/wp-json\/wp\/v2\/posts"}],"about":[{"href":"https:\/\/www.leccecronaca.it\/index.php\/wp-json\/wp\/v2\/types\/post"}],"author":[{"embeddable":true,"href":"https:\/\/www.leccecronaca.it\/index.php\/wp-json\/wp\/v2\/users\/4"}],"replies":[{"embeddable":true,"href":"https:\/\/www.leccecronaca.it\/index.php\/wp-json\/wp\/v2\/comments?post=58538"}],"version-history":[{"count":1,"href":"https:\/\/www.leccecronaca.it\/index.php\/wp-json\/wp\/v2\/posts\/58538\/revisions"}],"predecessor-version":[{"id":58548,"href":"https:\/\/www.leccecronaca.it\/index.php\/wp-json\/wp\/v2\/posts\/58538\/revisions\/58548"}],"wp:featuredmedia":[{"embeddable":true,"href":"https:\/\/www.leccecronaca.it\/index.php\/wp-json\/wp\/v2\/media\/58547"}],"wp:attachment":[{"href":"https:\/\/www.leccecronaca.it\/index.php\/wp-json\/wp\/v2\/media?parent=58538"}],"wp:term":[{"taxonomy":"category","embeddable":true,"href":"https:\/\/www.leccecronaca.it\/index.php\/wp-json\/wp\/v2\/categories?post=58538"},{"taxonomy":"post_tag","embeddable":true,"href":"https:\/\/www.leccecronaca.it\/index.php\/wp-json\/wp\/v2\/tags?post=58538"}],"curies":[{"name":"wp","href":"https:\/\/api.w.org\/{rel}","templated":true}]}}