{"id":58727,"date":"2015-08-24T15:31:52","date_gmt":"2015-08-24T13:31:52","guid":{"rendered":"http:\/\/www.leccecronaca.it\/?p=58727"},"modified":"2015-08-26T19:10:02","modified_gmt":"2015-08-26T17:10:02","slug":"come-eravamo","status":"publish","type":"post","link":"https:\/\/www.leccecronaca.it\/index.php\/2015\/08\/24\/come-eravamo\/","title":{"rendered":"COME ERAVAMO"},"content":{"rendered":"<p><img decoding=\"async\" loading=\"lazy\" src=\"https:\/\/www.leccecronaca.it\/wordpress\/wp-content\/uploads\/2015\/08\/oronzo-montinari1.jpg\" alt=\"\" title=\"oronzo montinari\" width=\"1291\" height=\"1171\" class=\"alignleft size-full wp-image-58728\" srcset=\"https:\/\/www.leccecronaca.it\/wordpress\/wp-content\/uploads\/2015\/08\/oronzo-montinari1.jpg 1291w, https:\/\/www.leccecronaca.it\/wordpress\/wp-content\/uploads\/2015\/08\/oronzo-montinari1-300x272.jpg 300w, https:\/\/www.leccecronaca.it\/wordpress\/wp-content\/uploads\/2015\/08\/oronzo-montinari1-1024x928.jpg 1024w\" sizes=\"(max-width: 1291px) 100vw, 1291px\" \/>(Rdl)______Filippo Montinari ha creato su &#8220;Facebook&#8221; una pagina molto seguita, in cui paragona la Lecce dei decenni passati con quella della nostra realt\u00e0 contemporanea. Il confronto \u00e8 spesso impietoso, come per esempio per le festivit\u00e0 patronali.<\/p>\n<p>Ecco cosa scrive a questo proposito______<\/p>\n<p>Quando il tempo scorre inesorabile non si pu\u00f2 fare a meno di &#8221;ricordare&#8221;,a volte con malinconia,a ci\u00f2 che e&#8217; stato e che l&#8217;evoluzione dei tempi ha cancellato.<\/p>\n<p>Nel caso della Festa di Sant&#8217;Oronzo non vi e&#8217; stata un&#8217; evoluzione, ma un&#8217; involuzione. Nonostante il milione di euro assegnato per &#8221;Lecce capitale italiana della cultura 2019&#8221;, l&#8217;amministrazione ha ritenuto utile destinare meno di trentamila euro alla festivit\u00e0. A volte tali scelte si giustificano con esigenze di bilancio, o in nome di una sobriet\u00e0 che balza fuori solo in questi momenti, mentre viene dimenticata nel momento in cui vi sono da dare incarichi a destra e manca, \u00a0discutibili come quelli per lo staff di Lecce 2019.<\/p>\n<p>La dignit\u00e0 della cittadinanza con queste festivit\u00e0 viene offesa ed oltraggiata.<\/p>\n<p>VERGOGNA VERGOGNA VERGOGNA!<\/p>\n<p>Ricordo quanto segue:&#8221; FESTA DI SANT&#8217;ORONZO ANNI &#8217;70,QUANDO C&#8217;ERANO IL CORTEO STORICO,IL PALIO MA SOPRATUTTO LE LUMINARIE,TRADIZIONE SALENTINA CONOSCIUTA ED APPREZZATA IN TUTTO IL MONDO MA &#8221;SCIENTEMENTE&#8221; IGNORATA DAGLI AMMINISTRATORI DI LECCE, CAPOLUOGO DEL SALENTO&#8217;<\/p>\n<p>Faccio mia la protesta ed il malumore gi\u00e0 espresso da Gianni Binucci e Antonio De Rinaldis e da molti altri cittadini.<\/p>\n<p>E&#8217; inconcepibile senza scusanti di qualsiasi natura che un Capoluogo di Provincia come Lecce, pur &#8221;incassando&#8221; considerevoli cifre, nei tre giorni, provenienti da TOSAP, PARCHEGGI E ANCHE MULTE, \u00a0prepari un addobbo degno di una buona festa di compleanno e neanche alla stregua di un paesino di pescatori.<\/p>\n<fb:like href='https:\/\/www.leccecronaca.it\/index.php\/2015\/08\/24\/come-eravamo\/' send='true' layout='button_count' show_faces='true' width='450' height='65' action='recommend' colorscheme='light' font='lucida grande'><\/fb:like><span class=\"fb_share\"><fb:like href=\"https:\/\/www.leccecronaca.it\/index.php\/2015\/08\/24\/come-eravamo\/\" layout=\"button_count\"><\/fb:like><\/span>","protected":false},"excerpt":{"rendered":"<p>(Rdl)______Filippo Montinari ha creato su &#8220;Facebook&#8221; una pagina molto seguita, in cui paragona la Lecce dei decenni passati con quella della nostra realt\u00e0 contemporanea. Il confronto \u00e8 spesso impietoso, come per esempio per le festivit\u00e0 patronali. Ecco cosa scrive a questo proposito______ Quando il tempo scorre inesorabile non si pu\u00f2 fare a meno di &#8221;ricordare&#8221;,a [&hellip;]<\/p>\n","protected":false},"author":4,"featured_media":58728,"comment_status":"open","ping_status":"closed","sticky":false,"template":"","format":"standard","meta":[],"categories":[1],"tags":[],"_links":{"self":[{"href":"https:\/\/www.leccecronaca.it\/index.php\/wp-json\/wp\/v2\/posts\/58727"}],"collection":[{"href":"https:\/\/www.leccecronaca.it\/index.php\/wp-json\/wp\/v2\/posts"}],"about":[{"href":"https:\/\/www.leccecronaca.it\/index.php\/wp-json\/wp\/v2\/types\/post"}],"author":[{"embeddable":true,"href":"https:\/\/www.leccecronaca.it\/index.php\/wp-json\/wp\/v2\/users\/4"}],"replies":[{"embeddable":true,"href":"https:\/\/www.leccecronaca.it\/index.php\/wp-json\/wp\/v2\/comments?post=58727"}],"version-history":[{"count":4,"href":"https:\/\/www.leccecronaca.it\/index.php\/wp-json\/wp\/v2\/posts\/58727\/revisions"}],"predecessor-version":[{"id":58916,"href":"https:\/\/www.leccecronaca.it\/index.php\/wp-json\/wp\/v2\/posts\/58727\/revisions\/58916"}],"wp:featuredmedia":[{"embeddable":true,"href":"https:\/\/www.leccecronaca.it\/index.php\/wp-json\/wp\/v2\/media\/58728"}],"wp:attachment":[{"href":"https:\/\/www.leccecronaca.it\/index.php\/wp-json\/wp\/v2\/media?parent=58727"}],"wp:term":[{"taxonomy":"category","embeddable":true,"href":"https:\/\/www.leccecronaca.it\/index.php\/wp-json\/wp\/v2\/categories?post=58727"},{"taxonomy":"post_tag","embeddable":true,"href":"https:\/\/www.leccecronaca.it\/index.php\/wp-json\/wp\/v2\/tags?post=58727"}],"curies":[{"name":"wp","href":"https:\/\/api.w.org\/{rel}","templated":true}]}}