{"id":58853,"date":"2015-08-26T11:47:04","date_gmt":"2015-08-26T09:47:04","guid":{"rendered":"http:\/\/www.leccecronaca.it\/?p=58853"},"modified":"2015-08-26T13:58:35","modified_gmt":"2015-08-26T11:58:35","slug":"lecce-niente-fiducia-per-herrera-ceduto-in-prestito-al-melfi","status":"publish","type":"post","link":"https:\/\/www.leccecronaca.it\/index.php\/2015\/08\/26\/lecce-niente-fiducia-per-herrera-ceduto-in-prestito-al-melfi\/","title":{"rendered":"LECCE \/ CALCIOMERCATO \/ NIENTE FIDUCIA PER HERRERA, CEDUTO IN PRESTITO AL MELFI"},"content":{"rendered":"<p><img decoding=\"async\" loading=\"lazy\" src=\"https:\/\/www.leccecronaca.it\/wordpress\/wp-content\/uploads\/2015\/08\/FullSizeRender-4-211x300.jpg\" alt=\"\" title=\"FullSizeRender (4)\" width=\"211\" height=\"300\" class=\"alignleft size-medium wp-image-58857\" srcset=\"https:\/\/www.leccecronaca.it\/wordpress\/wp-content\/uploads\/2015\/08\/FullSizeRender-4-211x300.jpg 211w, https:\/\/www.leccecronaca.it\/wordpress\/wp-content\/uploads\/2015\/08\/FullSizeRender-4.jpg 366w\" sizes=\"(max-width: 211px) 100vw, 211px\" \/>di <strong>Laura Ricci<\/strong>_____<\/p>\n<p>Viene liberato un altro posto nel reparto offensivo del <strong>Lecce<\/strong>: <strong>Eric Herrera<\/strong>, attaccante dinamico che ama giocare da ala destra, ma a volte schierato anche come trequartista, \u00e8 stato ceduto in prestito al<strong> Melfi<\/strong>, squadra che disputer\u00e0 lo stesso girone dei <strong>salentini<\/strong>\u00a0in <strong>Lega Pro<\/strong> nella stagione che sta per avere il via.<\/p>\n<p>Il giocatore nato a<strong> Panama<\/strong> era stato prelevato dai giallorossi lo scorso anno nel mercato di gennaio dalla <strong>Paganese<\/strong>, con cui fino a quel momento aveva collezionato diciannove presenze e tre reti.<\/p>\n<p>Il suo approdo nel Lecce era stato scoppiettante ed entusiasmante proprio nell&#8217;esordio contro il <strong>Matera<\/strong> in cui mise a segno la rete del vantaggio.<\/p>\n<p>La vivacit\u00e0 tattica del giocatore aveva fato ben sperare alla squadra e al club giallorosso, ma la poca incisivit\u00e0 sotto porta, un solo goal in dodici presenze, non ha convinto a pieno la societ\u00e0.<\/p>\n<p>Al termine della scorsa stagione, l&#8217;allora tecnico del Lecce <strong>Bollini<\/strong> aveva voluto esaltare Herrera per le sue doti tecniche notevoli, definendolo un<strong> giocatore<em> &#8220;di categoria superiore&#8221;<\/em><\/strong>, che aveva bisogno solo di tempo e fiducia per trovare la giusta via da campione.<\/p>\n<p>Con <strong>Asta<\/strong> al timone che l&#8217;ha provato in Coppa Italia contro <strong>Catanzaro e Cesena<\/strong>, i progetti sono cambiati.<\/p>\n<p>L&#8217;attaccante classe &#8217;92 si prepara a un&#8217;altra esperienza senza per\u00f2 abbandonare definitivamente la piazza giallorossa.<\/p>\n<p>&nbsp;<\/p>\n<fb:like href='https:\/\/www.leccecronaca.it\/index.php\/2015\/08\/26\/lecce-niente-fiducia-per-herrera-ceduto-in-prestito-al-melfi\/' send='true' layout='button_count' show_faces='true' width='450' height='65' action='recommend' colorscheme='light' font='lucida grande'><\/fb:like><span class=\"fb_share\"><fb:like href=\"https:\/\/www.leccecronaca.it\/index.php\/2015\/08\/26\/lecce-niente-fiducia-per-herrera-ceduto-in-prestito-al-melfi\/\" layout=\"button_count\"><\/fb:like><\/span>","protected":false},"excerpt":{"rendered":"<p>di Laura Ricci_____ Viene liberato un altro posto nel reparto offensivo del Lecce: Eric Herrera, attaccante dinamico che ama giocare da ala destra, ma a volte schierato anche come trequartista, \u00e8 stato ceduto in prestito al Melfi, squadra che disputer\u00e0 lo stesso girone dei salentini\u00a0in Lega Pro nella stagione che sta per avere il via. [&hellip;]<\/p>\n","protected":false},"author":4,"featured_media":0,"comment_status":"open","ping_status":"closed","sticky":false,"template":"","format":"standard","meta":[],"categories":[28],"tags":[],"_links":{"self":[{"href":"https:\/\/www.leccecronaca.it\/index.php\/wp-json\/wp\/v2\/posts\/58853"}],"collection":[{"href":"https:\/\/www.leccecronaca.it\/index.php\/wp-json\/wp\/v2\/posts"}],"about":[{"href":"https:\/\/www.leccecronaca.it\/index.php\/wp-json\/wp\/v2\/types\/post"}],"author":[{"embeddable":true,"href":"https:\/\/www.leccecronaca.it\/index.php\/wp-json\/wp\/v2\/users\/4"}],"replies":[{"embeddable":true,"href":"https:\/\/www.leccecronaca.it\/index.php\/wp-json\/wp\/v2\/comments?post=58853"}],"version-history":[{"count":8,"href":"https:\/\/www.leccecronaca.it\/index.php\/wp-json\/wp\/v2\/posts\/58853\/revisions"}],"predecessor-version":[{"id":58875,"href":"https:\/\/www.leccecronaca.it\/index.php\/wp-json\/wp\/v2\/posts\/58853\/revisions\/58875"}],"wp:attachment":[{"href":"https:\/\/www.leccecronaca.it\/index.php\/wp-json\/wp\/v2\/media?parent=58853"}],"wp:term":[{"taxonomy":"category","embeddable":true,"href":"https:\/\/www.leccecronaca.it\/index.php\/wp-json\/wp\/v2\/categories?post=58853"},{"taxonomy":"post_tag","embeddable":true,"href":"https:\/\/www.leccecronaca.it\/index.php\/wp-json\/wp\/v2\/tags?post=58853"}],"curies":[{"name":"wp","href":"https:\/\/api.w.org\/{rel}","templated":true}]}}