{"id":58893,"date":"2015-08-26T16:12:36","date_gmt":"2015-08-26T14:12:36","guid":{"rendered":"http:\/\/www.leccecronaca.it\/?p=58893"},"modified":"2015-08-26T16:12:36","modified_gmt":"2015-08-26T14:12:36","slug":"continua-la-valanga-di-critiche-a-paolo-perrone-dalla-sporcizia-alla-cultura-dal-traffico-alla-festa-noscia-wojtek-pankiewicz-loredana-capone","status":"publish","type":"post","link":"https:\/\/www.leccecronaca.it\/index.php\/2015\/08\/26\/continua-la-valanga-di-critiche-a-paolo-perrone-dalla-sporcizia-alla-cultura-dal-traffico-alla-festa-noscia-wojtek-pankiewicz-loredana-capone\/","title":{"rendered":"CONTINUA LA VALANGA DI CRITICHE A PAOLO PERRONE, DALLA SPORCIZIA, ALLA CULTURA, DAL TRAFFICO, ALLA &#8216;FESTA NOSCIA&#8217; \/ WOJTEK PANKIEWICZ \/ LOREDANA CAPONE"},"content":{"rendered":"<p>(<img decoding=\"async\" loading=\"lazy\" src=\"https:\/\/www.leccecronaca.it\/wordpress\/wp-content\/uploads\/2015\/08\/PERRONE-SALT1-300x150.jpg\" alt=\"\" title=\"PERRONE-SALT\" width=\"300\" height=\"150\" class=\"alignleft size-medium wp-image-58894\" srcset=\"https:\/\/www.leccecronaca.it\/wordpress\/wp-content\/uploads\/2015\/08\/PERRONE-SALT1-300x150.jpg 300w, https:\/\/www.leccecronaca.it\/wordpress\/wp-content\/uploads\/2015\/08\/PERRONE-SALT1.jpg 660w\" sizes=\"(max-width: 300px) 100vw, 300px\" \/>Rdl)_____Una valanga di critiche dei cittadini aveva sommerso nei giorni scorsi Paolo Perrone<\/p>\n<blockquote class=\"wp-embedded-content\" data-secret=\"vj9gu5BIu9\"><p><a href=\"https:\/\/www.leccecronaca.it\/index.php\/2015\/08\/20\/il-caso-un-post-piacione-quanto-superfiale-ed-irritante-di-paolo-perrone-su-facebook-si-trasforma-in-un-boomerang-per-il-sindaco-tramortito-dalle-reazioni-dei-cittadini\/\">IL CASO \/ UN POST &#8216;PIACIONE&#8217; QUANTO SUPERFIALE ED IRRITANTE DI PAOLO PERRONE SU &#8220;FACEBOOK&#8221; SI TRASFORMA IN UN BOOMERANG PER IL SINDACO, TRAMORTITO DALLE REAZIONI DEI CITTADINI<\/a><\/p><\/blockquote>\n<p><iframe class=\"wp-embedded-content\" sandbox=\"allow-scripts\" security=\"restricted\" style=\"position: absolute; clip: rect(1px, 1px, 1px, 1px);\" src=\"https:\/\/www.leccecronaca.it\/index.php\/2015\/08\/20\/il-caso-un-post-piacione-quanto-superfiale-ed-irritante-di-paolo-perrone-su-facebook-si-trasforma-in-un-boomerang-per-il-sindaco-tramortito-dalle-reazioni-dei-cittadini\/embed\/#?secret=vj9gu5BIu9\" data-secret=\"vj9gu5BIu9\" width=\"500\" height=\"282\" title=\"&#8220;IL CASO \/ UN POST &#8216;PIACIONE&#8217; QUANTO SUPERFIALE ED IRRITANTE DI PAOLO PERRONE SU &#8220;FACEBOOK&#8221; SI TRASFORMA IN UN BOOMERANG PER IL SINDACO, TRAMORTITO DALLE REAZIONI DEI CITTADINI&#8221; &#8212; LecceCronaca.it\" frameborder=\"0\" marginwidth=\"0\" marginheight=\"0\" scrolling=\"no\"><\/iframe><\/p>\n<p>come subito sottolineava una nota del M5s e come leccecronaca.it ha prontamente documentato.<\/p>\n<p>Come riferito ieri, anche l&#8217; arcivescovo non gli ha risparmiato pesanti annotazioni<\/p>\n<blockquote class=\"wp-embedded-content\" data-secret=\"AoHM2WrfzU\"><p><a href=\"https:\/\/www.leccecronaca.it\/index.php\/2015\/08\/25\/l-arcivescovo-non-le-manda-certo-a-dire-sulla-citta-mortificata-e-maltrattata-offese-che-malmenano-e-degradano-il-bello\/\">L&#8217; ARCIVESCOVO NON LE MANDA CERTO A DIRE SULLA CITTA&#8217; &#8220;mortificata e maltrattata&#8221;: &#8220;offese che malmenano e degradano il bello&#8221;<\/a><\/p><\/blockquote>\n<p><iframe class=\"wp-embedded-content\" sandbox=\"allow-scripts\" security=\"restricted\" style=\"position: absolute; clip: rect(1px, 1px, 1px, 1px);\" src=\"https:\/\/www.leccecronaca.it\/index.php\/2015\/08\/25\/l-arcivescovo-non-le-manda-certo-a-dire-sulla-citta-mortificata-e-maltrattata-offese-che-malmenano-e-degradano-il-bello\/embed\/#?secret=AoHM2WrfzU\" data-secret=\"AoHM2WrfzU\" width=\"500\" height=\"282\" title=\"&#8220;L&#8217; ARCIVESCOVO NON LE MANDA CERTO A DIRE SULLA CITTA&#8217; &#8220;mortificata e maltrattata&#8221;: &#8220;offese che malmenano e degradano il bello&#8221;&#8221; &#8212; LecceCronaca.it\" frameborder=\"0\" marginwidth=\"0\" marginheight=\"0\" scrolling=\"no\"><\/iframe><\/p>\n<p>Infine, da pi\u00f9 parti il sindaco \u00e8 stato biasimato per questo Sant&#8217; Oronzo 2015, di tono minore, per dirla con un eufemismo. In realt\u00e0, non \u00e8 piaciuto a nessuna una festa patronale ridotta a bancarella da mercato rionale, spettacoli da parrocchia ( senza offesa per le parrocchie, ovvio) e luminarie al lumicino.<\/p>\n<p>Oggi rincarano la dose due prese di posizione, appena arrivate in redazione, di cui dobbiamo dare conto.<\/p>\n<p>La prima riguarda proprio in particolare &#8220;la festa noscia&#8221; ed \u00e8 firmata dal presidente dell&#8217; associazione &#8220;Valori e rinnovamento&#8221; <strong>Wojtek Pankiewicz<\/strong>, il quale cos\u00ec si esprime______<\/p>\n<p>&#8220;<em>Migliaia e migliaia di leccesi, di salentini e di turisti hanno dimostrato in questi tre giorni di volere la festa patronale. Da che esiste l&#8217;uomo anche il momento festivo \u00e8 un suo BISOGNO REALE, ovviamente dopo altre priorit\u00e0 (sono costretto a ripeterlo ogni volta, perch\u00e8 lugubri soggetti, colgono quest&#8217;occasione per ricordarci tutte le disgrazie umane). Il momento festivo, dunque, fa bene al popolo, specie alla parte pi\u00f9 umile, che lo desidera e l&#8217;aspetta (vedere le migliaia di persone presenti). E&#8217; dunque una risorsa. Poich\u00e8 il popolo \u00e8 titolare della sovranit\u00e0, la smettano gli oltranzisti del no alle luminarie, no ai fuochi, no alle bande, no alle bancarelle in centro, no alla festa patronale perch\u00e8 i tempi sono cambiati, no alla festa patronale perch\u00e8 bisogna pensare ai poveri (che \u00e8 cosa buona e giusta che dobbiamo fare sempre tutti, in particolare le istituzioni e la politica, anche ovviamente evitando sprechi per la festa) e prendano atto di ci\u00f2.<\/em><\/p>\n<p><em>La Festa patronale di quest&#8217;anno credo, per le ragioni ormai note a tutti, in particolare la mancanza di vere luminarie e l&#8217;insignificanza di buona parte del resto del programma, e, l&#8217;assenza, per la prima volta nella storia, dei tradizionali manifesti con il programma dei festeggiamenti religiosi e di quelli civili, dei botti al mattino, del lancio di palloni aerostatici, eccetera, sia stata LA PEGGIORE DI SEMPRE. Quasi un&#8217;offesa alla dignit\u00e0 dei leccesi e dei turisti.<\/em><\/p>\n<p><em>Non si indugi pi\u00f9 per favore sulla mancanza di fondi. Per esperienza diretta anche recente so che \u00e8 possibile ottenere per buoni eventi SPONSORIZZAZIONI da parte di banche e aziende. Inoltre, se il popolo riprendesse a sentire come sua la Festa di Sant&#8217;Oronzo, NONOSTANTE LA CRISI ECONOMICA, si potrebbe rilanciare la questua tra i commercianti e le famiglie leccesi.<\/em><\/p>\n<p><em>La FESTA NOSCIA dunque, secondo noi, va riqualificata, rigenerata, caratterizzata con i prodotti tipici locali, valorizzata e RILANCIATA per le sue valenze antropologiche, identitarie, culturali, economiche e turistiche. \u201cValori e Rinnovamento\u201d \u00e8 pronto a dare il suo disinteressato e gratuito contributo di idee, progetti ed impegno e propone che, per organizzare la Festa del 2016 si costituisca sin d&#8217;ora un COMITATO D&#8217; ALTO PROFILO, anche con personalit\u00e0 del mondo della cultura, dell&#8217;arte e del turismo, che stili un programma degno di Lecce citt\u00e0 d&#8217;arte e di cultura, e attrattore di turisti, dato che la festa patronale \u00e8 anche un&#8217;importante risorsa sotto questo profilo, e provveda alla raccolta dei fondi per realizzarla. Lecce in questi giorni di festa non sembrava la CAPITALE DEL BAROCCO,ma un SUK ARABO ! Basta improvvisazione e pressapochismo&#8221;______<\/em><\/p>\n<p>La seconda \u00e8 dell&#8217; assessore regionale <strong>Loredana Capone<\/strong> che, pi\u00f9 in generale, articola il seguente ragionamento critico______<\/p>\n<p>&#8220;<em>Sorda di fronte alle critiche sui rifiuti sparsi ovunque, sul caos della programmazione del traffico, sulla trascuratezza diffusa che si tocca con mano in piazza Mazzini, centro commerciale della citt\u00e0, nelle periferie, e persino nelle marine che, in pieno agosto, dovrebbero essere un tesoro per qualunque citt\u00e0 ne disponga.<\/em><\/p>\n<p><em>Un tesoro maltrattato, vilipeso, abbandonato. Ho scelto, per il bene degli operatori economici e culturali, che ce la mettono tutta per combattere la crisi, di non proporre costanti critiche pubbliche soprattutto in un periodo in cui i turisti, attratti dalla bellezza della nostra citt\u00e0 e dalla pubblicit\u00e0 che in questi anni abbiamo fatto del nostro Salento, avrebbero potuto scegliere di disdire le loro prenotazioni.<\/em><\/p>\n<p><em>Ma questo non vuol dire tollerare l&#8217;immobilismo e l&#8217;insostenibile inerzia dell&#8217;amministrazione di fronte ad ogni scempio che deturpa strade, monumenti ed esercizi della nostra citt\u00e0, n\u00e9 subire passivamente la mancanza di programmazione in settori nevralgici come il traffico, i rifiuti l&#8217;organizzazione dei servizi, la cura e la valorizzazione degli spazi pubblici<\/em><\/p>\n<p><em>Non possiamo assistere allo spreco di anni di politiche di promozione e valorizzazione in Italia e all&#8217;estero che in tanti abbiamo promosso, amministratori pubblici anche di diverso colore politico e operatori privati economici, sociali, culturali.<\/em><\/p>\n<p><em>Non possiamo rischiare che centinaia di milioni di risorse pubbliche comunali, regionali, nazionali e europee, che abbiamo investito per migliorare l&#8217;assetto complessivo del sistema urbano, siano sprecate.<\/em><\/p>\n<p><em>E&#8217; urgente che chi governa la nostra citt\u00e0 si rimbocchi le maniche. Il monito del Vescovo, autorevole e chiaro, va raccolto. Abbiamo ereditato un patrimonio straordinario di arte e di beni: il sindaco e l&#8217;amministrazione hanno il compito e la responsabilit\u00e0 di programmare e realizzare seriamente le attivit\u00e0 indispensabili perch\u00e9 Lecce possa splendere non solo con la luce della pietra che, peraltro, con una mostra seguita e apprezzata con la presidente Monica Maggioni stiamo portando in tutto il mondo (da Londra a Dubai), ma anche con servizi efficienti che soddisfino cittadini e turisti&#8221;.<\/em><\/p>\n<p>&nbsp;<\/p>\n<p>&nbsp;<\/p>\n<fb:like href='https:\/\/www.leccecronaca.it\/index.php\/2015\/08\/26\/continua-la-valanga-di-critiche-a-paolo-perrone-dalla-sporcizia-alla-cultura-dal-traffico-alla-festa-noscia-wojtek-pankiewicz-loredana-capone\/' send='true' layout='button_count' show_faces='true' width='450' height='65' action='recommend' colorscheme='light' font='lucida grande'><\/fb:like><span class=\"fb_share\"><fb:like href=\"https:\/\/www.leccecronaca.it\/index.php\/2015\/08\/26\/continua-la-valanga-di-critiche-a-paolo-perrone-dalla-sporcizia-alla-cultura-dal-traffico-alla-festa-noscia-wojtek-pankiewicz-loredana-capone\/\" layout=\"button_count\"><\/fb:like><\/span>","protected":false},"excerpt":{"rendered":"<p>(Rdl)_____Una valanga di critiche dei cittadini aveva sommerso nei giorni scorsi Paolo Perrone IL CASO \/ UN POST &#8216;PIACIONE&#8217; QUANTO SUPERFIALE ED IRRITANTE DI PAOLO PERRONE SU &#8220;FACEBOOK&#8221; SI TRASFORMA IN UN BOOMERANG PER IL SINDACO, TRAMORTITO DALLE REAZIONI DEI CITTADINI come subito sottolineava una nota del M5s e come leccecronaca.it ha prontamente documentato. Come [&hellip;]<\/p>\n","protected":false},"author":4,"featured_media":58894,"comment_status":"open","ping_status":"closed","sticky":false,"template":"","format":"standard","meta":[],"categories":[69],"tags":[],"_links":{"self":[{"href":"https:\/\/www.leccecronaca.it\/index.php\/wp-json\/wp\/v2\/posts\/58893"}],"collection":[{"href":"https:\/\/www.leccecronaca.it\/index.php\/wp-json\/wp\/v2\/posts"}],"about":[{"href":"https:\/\/www.leccecronaca.it\/index.php\/wp-json\/wp\/v2\/types\/post"}],"author":[{"embeddable":true,"href":"https:\/\/www.leccecronaca.it\/index.php\/wp-json\/wp\/v2\/users\/4"}],"replies":[{"embeddable":true,"href":"https:\/\/www.leccecronaca.it\/index.php\/wp-json\/wp\/v2\/comments?post=58893"}],"version-history":[{"count":2,"href":"https:\/\/www.leccecronaca.it\/index.php\/wp-json\/wp\/v2\/posts\/58893\/revisions"}],"predecessor-version":[{"id":58896,"href":"https:\/\/www.leccecronaca.it\/index.php\/wp-json\/wp\/v2\/posts\/58893\/revisions\/58896"}],"wp:featuredmedia":[{"embeddable":true,"href":"https:\/\/www.leccecronaca.it\/index.php\/wp-json\/wp\/v2\/media\/58894"}],"wp:attachment":[{"href":"https:\/\/www.leccecronaca.it\/index.php\/wp-json\/wp\/v2\/media?parent=58893"}],"wp:term":[{"taxonomy":"category","embeddable":true,"href":"https:\/\/www.leccecronaca.it\/index.php\/wp-json\/wp\/v2\/categories?post=58893"},{"taxonomy":"post_tag","embeddable":true,"href":"https:\/\/www.leccecronaca.it\/index.php\/wp-json\/wp\/v2\/tags?post=58893"}],"curies":[{"name":"wp","href":"https:\/\/api.w.org\/{rel}","templated":true}]}}