{"id":59076,"date":"2015-08-30T16:21:33","date_gmt":"2015-08-30T14:21:33","guid":{"rendered":"http:\/\/www.leccecronaca.it\/?p=59076"},"modified":"2015-08-30T17:16:14","modified_gmt":"2015-08-30T15:16:14","slug":"il-freccia-rossa-finisce-a-bari-il-salento-tagliato-fuori-dai-collegamenti","status":"publish","type":"post","link":"https:\/\/www.leccecronaca.it\/index.php\/2015\/08\/30\/il-freccia-rossa-finisce-a-bari-il-salento-tagliato-fuori-dai-collegamenti\/","title":{"rendered":"IL FRECCIA ROSSA FINISCE A BARI. IL SALENTO TAGLIATO FUORI DAI COLLEGAMENTI."},"content":{"rendered":"<p><img decoding=\"async\" loading=\"lazy\" src=\"https:\/\/www.leccecronaca.it\/wordpress\/wp-content\/uploads\/2015\/08\/treni-x-bari-e-lecce-300x115.jpg\" alt=\"\" title=\"treni x bari e lecce\" width=\"300\" height=\"115\" class=\"alignleft size-medium wp-image-59077\" srcset=\"https:\/\/www.leccecronaca.it\/wordpress\/wp-content\/uploads\/2015\/08\/treni-x-bari-e-lecce-300x115.jpg 300w, https:\/\/www.leccecronaca.it\/wordpress\/wp-content\/uploads\/2015\/08\/treni-x-bari-e-lecce.jpg 935w\" sizes=\"(max-width: 300px) 100vw, 300px\" \/>Un bell&#8217;annuncio per met\u00e0 dei pugliesi, quello del Frecciarossa con partenza da Milano e ritorno che arriva in Puglia. Ma l&#8217;Italia ancora una volta finisce a Bari. Gli unici treni veloci, infatti, a far data dal 20 settembre collegheranno per ben due volte al giorno il capoluogo lombardo, ma si fermeranno in quello pugliese come se Lecce ed il Salento che in questi mesi estivi hanno dimostrato una capacit\u00e0 attrattiva ben superiore al resto di Puglia non esistono e la cartina geografica s&#8217;interrompe bruscamente nella stazione centrale di Bari.Per Giovanni D&#8217;Agata, presidente dello &#8220;Sportello dei Diritti&#8221;, si tratta di una ennesima vergogna a danno di un&#8217;intera collettivit\u00e0 che non merita una scelta scellerata ed escludente che contribuisce ad ampliare il gap infrastrutturale gi\u00e0 esistente.L&#8217;invito diretto ed immediato ed anche l&#8217;appello \u00e9 rivolto a Michele Emiliano che siamo certi non vuole essere solo il governatore dei foggiani e dei baresi, ma di tutti i pugliesi affinch\u00e9 per il tramite del Ministero delle Infrastrutture persuada Trenitalia non ad un passo indietro, ma ad uno in avanti, per garantire che i Frecciarossa colleghino anche il Tacco al resto d&#8217;Italia.<\/p>\n<fb:like href='https:\/\/www.leccecronaca.it\/index.php\/2015\/08\/30\/il-freccia-rossa-finisce-a-bari-il-salento-tagliato-fuori-dai-collegamenti\/' send='true' layout='button_count' show_faces='true' width='450' height='65' action='recommend' colorscheme='light' font='lucida grande'><\/fb:like><span class=\"fb_share\"><fb:like href=\"https:\/\/www.leccecronaca.it\/index.php\/2015\/08\/30\/il-freccia-rossa-finisce-a-bari-il-salento-tagliato-fuori-dai-collegamenti\/\" layout=\"button_count\"><\/fb:like><\/span>","protected":false},"excerpt":{"rendered":"<p>Un bell&#8217;annuncio per met\u00e0 dei pugliesi, quello del Frecciarossa con partenza da Milano e ritorno che arriva in Puglia. Ma l&#8217;Italia ancora una volta finisce a Bari. Gli unici treni veloci, infatti, a far data dal 20 settembre collegheranno per ben due volte al giorno il capoluogo lombardo, ma si fermeranno in quello pugliese come [&hellip;]<\/p>\n","protected":false},"author":4,"featured_media":59077,"comment_status":"open","ping_status":"closed","sticky":false,"template":"","format":"standard","meta":[],"categories":[72],"tags":[],"_links":{"self":[{"href":"https:\/\/www.leccecronaca.it\/index.php\/wp-json\/wp\/v2\/posts\/59076"}],"collection":[{"href":"https:\/\/www.leccecronaca.it\/index.php\/wp-json\/wp\/v2\/posts"}],"about":[{"href":"https:\/\/www.leccecronaca.it\/index.php\/wp-json\/wp\/v2\/types\/post"}],"author":[{"embeddable":true,"href":"https:\/\/www.leccecronaca.it\/index.php\/wp-json\/wp\/v2\/users\/4"}],"replies":[{"embeddable":true,"href":"https:\/\/www.leccecronaca.it\/index.php\/wp-json\/wp\/v2\/comments?post=59076"}],"version-history":[{"count":3,"href":"https:\/\/www.leccecronaca.it\/index.php\/wp-json\/wp\/v2\/posts\/59076\/revisions"}],"predecessor-version":[{"id":59151,"href":"https:\/\/www.leccecronaca.it\/index.php\/wp-json\/wp\/v2\/posts\/59076\/revisions\/59151"}],"wp:featuredmedia":[{"embeddable":true,"href":"https:\/\/www.leccecronaca.it\/index.php\/wp-json\/wp\/v2\/media\/59077"}],"wp:attachment":[{"href":"https:\/\/www.leccecronaca.it\/index.php\/wp-json\/wp\/v2\/media?parent=59076"}],"wp:term":[{"taxonomy":"category","embeddable":true,"href":"https:\/\/www.leccecronaca.it\/index.php\/wp-json\/wp\/v2\/categories?post=59076"},{"taxonomy":"post_tag","embeddable":true,"href":"https:\/\/www.leccecronaca.it\/index.php\/wp-json\/wp\/v2\/tags?post=59076"}],"curies":[{"name":"wp","href":"https:\/\/api.w.org\/{rel}","templated":true}]}}