{"id":59193,"date":"2015-08-31T22:51:44","date_gmt":"2015-08-31T20:51:44","guid":{"rendered":"http:\/\/www.leccecronaca.it\/?p=59193"},"modified":"2015-08-31T22:51:44","modified_gmt":"2015-08-31T20:51:44","slug":"province-sempre-piu-sole-protesta-alba-service","status":"publish","type":"post","link":"https:\/\/www.leccecronaca.it\/index.php\/2015\/08\/31\/province-sempre-piu-sole-protesta-alba-service\/","title":{"rendered":"PROVINCE SEMPRE PIU&#8217; SOLE PROTESTA ALBA SERVICE"},"content":{"rendered":"<p>Riceviamo e volentieri pubblichiamo______<br \/>\n&#8220;La mai spenta protesta dei dipendenti dell\u2019Alba service, partecipata della Provincia di Lecce, che <a>oggi<\/a> sono tornati a manifestare per richiamare l\u2019attenzione sulla loro vertenza occupazionale, ripropone un problema non strettamente connesso, ma che amplifica i problemi finanziari delle Province pugliesi &#8211; \u00e8 quanto ha dichiarato alla stampa il Consigliere regionale Saverio Congedo &#8211; la mancanza di un Disegno di Legge sul riordino degli Enti Locali che la Regione Puglia avrebbe dovuto approvare entro il 31 dicembre dello scorso anno. Il presidente Emiliano, poco pi\u00f9 di un mese fa, si era impegnato a far pervenire una bozza del suddetto DDL entro la fine del mese di agosto. Ad <a>oggi<\/a> non \u00e8 arrivato nulla. Come presidente della Settima Commissione Consiliare, chiamata ad analizzare il testo prima che arrivi in Consiglio regionale, rinnovo tutta la mia disponibilit\u00e0 a collaborare con tutte le istituzioni interessate all\u2019approvazione perch\u00e9 l\u2019iter sia snello e celere. In merito alla vertenza Alba Service sono convinto che la Regione Puglia non pu\u00f2 non fare la sua parte e quindi non pu\u00f2 lasciare da sola la Provincia di Lecce, che ben poco pu\u00f2 fare in merito, viste le ristrettezze del bilancio a causa di tagli e prelievi statali sempre pi\u00f9 consistenti, o delegare il problema occupazionale al Ministero del Lavoro, dove si finirebbe per aprire l\u2019ennesimo tavolo. I dipendenti della partecipata &#8211; ha concluso Congedo &#8211; \u00a0non devono essere lasciati soli e la Regione dovr\u00e0 presto definire a chi compete svolgere i servizi da questi svolti sulle strade leccesi, ma soprattutto nelle scuole che si riapriranno fra due settimane&#8221;.<\/p>\n<fb:like href='https:\/\/www.leccecronaca.it\/index.php\/2015\/08\/31\/province-sempre-piu-sole-protesta-alba-service\/' send='true' layout='button_count' show_faces='true' width='450' height='65' action='recommend' colorscheme='light' font='lucida grande'><\/fb:like><span class=\"fb_share\"><fb:like href=\"https:\/\/www.leccecronaca.it\/index.php\/2015\/08\/31\/province-sempre-piu-sole-protesta-alba-service\/\" layout=\"button_count\"><\/fb:like><\/span>","protected":false},"excerpt":{"rendered":"<p>Riceviamo e volentieri pubblichiamo______ &#8220;La mai spenta protesta dei dipendenti dell\u2019Alba service, partecipata della Provincia di Lecce, che oggi sono tornati a manifestare per richiamare l\u2019attenzione sulla loro vertenza occupazionale, ripropone un problema non strettamente connesso, ma che amplifica i problemi finanziari delle Province pugliesi &#8211; \u00e8 quanto ha dichiarato alla stampa il Consigliere regionale [&hellip;]<\/p>\n","protected":false},"author":4,"featured_media":0,"comment_status":"open","ping_status":"closed","sticky":false,"template":"","format":"standard","meta":[],"categories":[36],"tags":[],"_links":{"self":[{"href":"https:\/\/www.leccecronaca.it\/index.php\/wp-json\/wp\/v2\/posts\/59193"}],"collection":[{"href":"https:\/\/www.leccecronaca.it\/index.php\/wp-json\/wp\/v2\/posts"}],"about":[{"href":"https:\/\/www.leccecronaca.it\/index.php\/wp-json\/wp\/v2\/types\/post"}],"author":[{"embeddable":true,"href":"https:\/\/www.leccecronaca.it\/index.php\/wp-json\/wp\/v2\/users\/4"}],"replies":[{"embeddable":true,"href":"https:\/\/www.leccecronaca.it\/index.php\/wp-json\/wp\/v2\/comments?post=59193"}],"version-history":[{"count":1,"href":"https:\/\/www.leccecronaca.it\/index.php\/wp-json\/wp\/v2\/posts\/59193\/revisions"}],"predecessor-version":[{"id":59194,"href":"https:\/\/www.leccecronaca.it\/index.php\/wp-json\/wp\/v2\/posts\/59193\/revisions\/59194"}],"wp:attachment":[{"href":"https:\/\/www.leccecronaca.it\/index.php\/wp-json\/wp\/v2\/media?parent=59193"}],"wp:term":[{"taxonomy":"category","embeddable":true,"href":"https:\/\/www.leccecronaca.it\/index.php\/wp-json\/wp\/v2\/categories?post=59193"},{"taxonomy":"post_tag","embeddable":true,"href":"https:\/\/www.leccecronaca.it\/index.php\/wp-json\/wp\/v2\/tags?post=59193"}],"curies":[{"name":"wp","href":"https:\/\/api.w.org\/{rel}","templated":true}]}}