{"id":60194,"date":"2015-09-17T17:47:25","date_gmt":"2015-09-17T15:47:25","guid":{"rendered":"http:\/\/www.leccecronaca.it\/?p=60194"},"modified":"2015-09-17T17:47:25","modified_gmt":"2015-09-17T15:47:25","slug":"calendario-salento-faber-trekking-camminare-tra-benessere-storia-e-natura","status":"publish","type":"post","link":"https:\/\/www.leccecronaca.it\/index.php\/2015\/09\/17\/calendario-salento-faber-trekking-camminare-tra-benessere-storia-e-natura\/","title":{"rendered":"CALENDARIO: Salento Faber Trekking  camminare tra benessere, storia e natura"},"content":{"rendered":"<p style=\"text-align: left;\" align=\"center\"><img decoding=\"async\" loading=\"lazy\" src=\"https:\/\/www.leccecronaca.it\/wordpress\/wp-content\/uploads\/2015\/09\/calendario-escursioni-300x212.jpg\" alt=\"\" title=\"C:UsersuserDesktoptrekkingcalendario trekking Model (1)\" width=\"300\" height=\"212\" class=\"alignleft size-medium wp-image-60195\" srcset=\"https:\/\/www.leccecronaca.it\/wordpress\/wp-content\/uploads\/2015\/09\/calendario-escursioni-300x212.jpg 300w, https:\/\/www.leccecronaca.it\/wordpress\/wp-content\/uploads\/2015\/09\/calendario-escursioni.jpg 800w\" sizes=\"(max-width: 300px) 100vw, 300px\" \/>L\u2019associazione culturale Salento Faber promuove il piacere di camminare con una sezione dedicata al trekking e organizza per l\u2019autunno 2015 le prime cinque escursioni per esplorare il territorio salentino.<\/p>\n<p><strong>Camminare<\/strong><strong> <\/strong>\u00e8 \u00a0un modo di vivere, una filosofia di vita, un modo di entrare nel quotidiano fatto a misura di ognuno, col passo giusto, al ritmo corretto, in equilibrio assoluto tra noi e ci\u00f2 che ci circonda.<\/p>\n<p>Uno sport affascinante e coinvolgente, uno stile di vita adatto a tutti e per tutte le et\u00e0, \u00e8 rigenerante dal punto di vista fisico e psicologico ed \u00e8 un ottimo antistress.<\/p>\n<p>Oggi viviamo una quotidianit\u00e0 scandita dalla fretta, dallo stress, dall\u2019ossessione di risparmiare tempo ed \u00e8 facile perdere di vista l\u2019importanza di fermarsi un attimo per pensare e riflettere su quello che vediamo, ci\u00f2 che ci circonda e quante bellezze si nascondono nei particolari della vita di ogni giorno.<\/p>\n<p>Quando ci ritroviamo di fronte al mare, in un bosco, in campagna abbiamo l\u2019opportunit\u00e0 di godere di una bella passeggiata, di osservare i colori e ascoltare i suoni della natura, allontanandoci dalle auto, dal frastuono del traffico e dal rumore della vita di tutti i giorni e possiamo godere della natura e della sua bellezza.<\/p>\n<p>Sull\u2019onda del benessere, di sentirsi in pace con se stessi per cogliere quella beatitudine che solo nostra Madre terra sa trasmetterci, Salento Faber ha programmato cinque tappe che spaziano dall\u2019Adriatico allo Jonio, passando per il capoluogo fino a Capo di Leuca.<\/p>\n<p>L\u2019esperienza e la conoscenza dei meandri pi\u00f9 nascosti del Salento della storica guida Luigi Gaetani e di altre giovani guide, dal 27 settembre al 22 novembre, vi far\u00e0 conoscere da vicino luoghi del passato ed incontaminati vivendo momenti unici alla scoperta della natura e del territorio che ci circonda.<\/p>\n<p>Si comincia domenica <strong>27 settembre <\/strong>con la <strong>Grotta degli amanti<\/strong> a Porto Badisco, in una passeggiata impegnativa di circa 13 km, si percorrer\u00e0, una costa frastagliata fino a giungere all\u2019antica torre di avvistamento denominata torre di Minervino, si camminer\u00e0 verso la Masseria Nova salendo fino a 120 metri sul livello del mare, poi un percorso in discesa che porta al canalone sud fino alla spiaggetta di Porto Badisco.<\/p>\n<p>Il <strong>4 ottobre<\/strong> il secondo appuntamento al <strong>Ciolo<\/strong> a Gagliano del capo alla scoperta dei colori, dei profumi e di alcune piante tipiche di questo periodo, nel Capo di Leuca. Si percorrer\u00e0 il suggestivo canalone in ripidi pendii rocciosi alternati alla macchia mediterranea, passando da un\u2019antica masseria si ritorna al punto di partenza dall\u2019altro versante del canale.<\/p>\n<p>Per la terza tappa del <strong>18 ottobre<\/strong> alla scoperta dei <strong>Bacini di Firgole<\/strong>, dopo un percorso nel borgo antico e nella macchia mediterranea \u00e8 prevista la scoperta dei sapori tipici del territorio con la degustazione delle pittule presso la masseria Giammatteo.<\/p>\n<p>Un percorso davvero suggestivo \u00e8 quello dell\u20198 novembre a Pat\u00f9 per vedere da vicino le <strong>Centopietre<\/strong> un itinerario per conoscere il patrimonio storico artistico e naturalistico dove si potr\u00e0 vedere da vicino un antico monumento funerario risalente al IX secolo, la chiesa bizantina di San Pietro e le cave di carparo dismesse e numerosi altri monumenti di interesse artistico.<\/p>\n<p>Per il 22 novembre \u00e8 prevista un\u2019escursione al Golfo delle Orte di Otranto con il lago rosso delle cave di bauxite, la masseria fortifica delle Orte e la Torre del Serpe nel corso degli anni divenuta simbolo di Otranto.<\/p>\n<p>&nbsp;<\/p>\n<p>&nbsp;<\/p>\n<p align=\"center\">\n<fb:like href='https:\/\/www.leccecronaca.it\/index.php\/2015\/09\/17\/calendario-salento-faber-trekking-camminare-tra-benessere-storia-e-natura\/' send='true' layout='button_count' show_faces='true' width='450' height='65' action='recommend' colorscheme='light' font='lucida grande'><\/fb:like><span class=\"fb_share\"><fb:like href=\"https:\/\/www.leccecronaca.it\/index.php\/2015\/09\/17\/calendario-salento-faber-trekking-camminare-tra-benessere-storia-e-natura\/\" layout=\"button_count\"><\/fb:like><\/span>","protected":false},"excerpt":{"rendered":"<p>L\u2019associazione culturale Salento Faber promuove il piacere di camminare con una sezione dedicata al trekking e organizza per l\u2019autunno 2015 le prime cinque escursioni per esplorare il territorio salentino. Camminare \u00e8 \u00a0un modo di vivere, una filosofia di vita, un modo di entrare nel quotidiano fatto a misura di ognuno, col passo giusto, al ritmo [&hellip;]<\/p>\n","protected":false},"author":4,"featured_media":60195,"comment_status":"open","ping_status":"closed","sticky":false,"template":"","format":"standard","meta":[],"categories":[72],"tags":[],"_links":{"self":[{"href":"https:\/\/www.leccecronaca.it\/index.php\/wp-json\/wp\/v2\/posts\/60194"}],"collection":[{"href":"https:\/\/www.leccecronaca.it\/index.php\/wp-json\/wp\/v2\/posts"}],"about":[{"href":"https:\/\/www.leccecronaca.it\/index.php\/wp-json\/wp\/v2\/types\/post"}],"author":[{"embeddable":true,"href":"https:\/\/www.leccecronaca.it\/index.php\/wp-json\/wp\/v2\/users\/4"}],"replies":[{"embeddable":true,"href":"https:\/\/www.leccecronaca.it\/index.php\/wp-json\/wp\/v2\/comments?post=60194"}],"version-history":[{"count":2,"href":"https:\/\/www.leccecronaca.it\/index.php\/wp-json\/wp\/v2\/posts\/60194\/revisions"}],"predecessor-version":[{"id":60197,"href":"https:\/\/www.leccecronaca.it\/index.php\/wp-json\/wp\/v2\/posts\/60194\/revisions\/60197"}],"wp:featuredmedia":[{"embeddable":true,"href":"https:\/\/www.leccecronaca.it\/index.php\/wp-json\/wp\/v2\/media\/60195"}],"wp:attachment":[{"href":"https:\/\/www.leccecronaca.it\/index.php\/wp-json\/wp\/v2\/media?parent=60194"}],"wp:term":[{"taxonomy":"category","embeddable":true,"href":"https:\/\/www.leccecronaca.it\/index.php\/wp-json\/wp\/v2\/categories?post=60194"},{"taxonomy":"post_tag","embeddable":true,"href":"https:\/\/www.leccecronaca.it\/index.php\/wp-json\/wp\/v2\/tags?post=60194"}],"curies":[{"name":"wp","href":"https:\/\/api.w.org\/{rel}","templated":true}]}}