{"id":60220,"date":"2015-09-18T17:37:07","date_gmt":"2015-09-18T15:37:07","guid":{"rendered":"http:\/\/www.leccecronaca.it\/?p=60220"},"modified":"2015-09-18T17:37:07","modified_gmt":"2015-09-18T15:37:07","slug":"lecce-obesita-e-i-diritti-negati-dalla-burocrazia","status":"publish","type":"post","link":"https:\/\/www.leccecronaca.it\/index.php\/2015\/09\/18\/lecce-obesita-e-i-diritti-negati-dalla-burocrazia\/","title":{"rendered":"LECCE: OBESITA&#8217; E I DIRITTI NEGATI DALLA BUROCRAZIA"},"content":{"rendered":"<p><span style=\"font-family: 'Times New Roman'; font-size: small;\"><img decoding=\"async\" loading=\"lazy\" src=\"https:\/\/www.leccecronaca.it\/wordpress\/wp-content\/uploads\/2015\/09\/la-vignetta-300x194.jpg\" alt=\"\" title=\"la-vignetta\" width=\"300\" height=\"194\" class=\"alignleft size-medium wp-image-60221\" srcset=\"https:\/\/www.leccecronaca.it\/wordpress\/wp-content\/uploads\/2015\/09\/la-vignetta-300x194.jpg 300w, https:\/\/www.leccecronaca.it\/wordpress\/wp-content\/uploads\/2015\/09\/la-vignetta.jpg 587w\" sizes=\"(max-width: 300px) 100vw, 300px\" \/>Ci sono voluti quattro anni \u201cdi lotta\u201d cos\u00ec dice la signora Mary Buscicchio di Lecce per ottenere il riconoscimento di un diritto: una sedia a rotelle bariatrica. Quando per\u00f2 circa un anno e mezzo or sono sembrava essersi risolta l\u2019epopea con l\u2019assegnazione del presidio tra richieste smarrite da parte dei vari medici, aspettative disattese e continui rimandi la tanto sospirata sedia, come gi\u00e0 accaduto per il letto elettrico, anche questa le viene attribuita sbagliata, o meglio non adatta alla sua persona. Le ragioni di quest\u2019errore sono tanto banali da far quasi rabbia: nessuno si era degnato di prenderle le misure prima di assegnarla. E\u2019 seguito, quindi,\u00a0 un anno e mezzo di lotte per farla sostituire, che a tutt\u2019oggi\u00a0sono rimaste tutte senza esito, poich\u00e9 sono cominciati i continui e soliti rimandi. Nonostante ci\u00f2, la signora \u00e8 stata costretta anche per l\u2019aggravarsi delle proprie gi\u00e0 precarie condizioni di salute, dopo circa un anno dalla consegna, ad utilizzare quella \u201csbagliata\u201d adattandola alla bene e meglio alla propria corporatura attraverso l\u2019asportazione di un bracciolo per consentirle i minimi spostamenti. A rendere ancor pi\u00f9 drammatica la situazione \u00e8 stata la successiva rottura del freno sinistro che la costringe a mettersi con la sedia di spalle, per potersi alzare e sedere, con tutti i pericoli connessi per la propria salute. Ci\u00f2 che rende assurda questa vicenda umana, che poi \u00e8 quella che vivono quotidianamente tanti obesi nel Nostro Paese, \u00e8 che tutti questi fatti sono stati costantemente rappresentati agli \u201caddetti ai lavori\u201d che sino ad\u00a0oggi\u00a0non hanno fatto nulla per risolvere questa drammatica situazione.\u00a0 Ed anzi, proprio nei giorni scorsi un<\/span><span style=\"font-family: 'Times New Roman'; font-size: small;\">\u00a0dirigente medico dell\u2019Asl di Lecce che le avrebbe garantito la risoluzione a breve termine del problema, le avrebbe letteralmente sbattuto in faccia il telefono. Un fatto senz\u2019altro censurabile e paradigmatico, <\/span><span style=\"font-family: 'Times New Roman'; font-size: small;\">che evidenzia come in tali casi l\u2019ultima speranza di cittadini meno fortunati sia riposta nelle associazioni che tutelano le loro prerogative e fanno da cassa da risonanza attraverso i media la cui efficacia persuasiva si riverbera a loro volta sui vertici delle istituzioni cui le legittime istanze sono rivolte. In tal senso, lo\u00a0 \u201c<\/span><a style=\"font-family: 'Times New Roman';\" href=\"http:\/\/www.sportellodeidiritti.org\/\" target=\"_blank\">Sportello dei Diritti<\/a><span style=\"font-family: 'Times New Roman'; font-size: small;\">\u201d,\u00a0 quindi, invita la dirigenza dell\u2019ASL a farsi carico della questione e ad impegnarsi al necessario snellimento di procedure troppo burocratiche che troppo spesso ledono in maniera lampante i diritti dei pazienti.<\/span><\/p>\n<fb:like href='https:\/\/www.leccecronaca.it\/index.php\/2015\/09\/18\/lecce-obesita-e-i-diritti-negati-dalla-burocrazia\/' send='true' layout='button_count' show_faces='true' width='450' height='65' action='recommend' colorscheme='light' font='lucida grande'><\/fb:like><span class=\"fb_share\"><fb:like href=\"https:\/\/www.leccecronaca.it\/index.php\/2015\/09\/18\/lecce-obesita-e-i-diritti-negati-dalla-burocrazia\/\" layout=\"button_count\"><\/fb:like><\/span>","protected":false},"excerpt":{"rendered":"<p>Ci sono voluti quattro anni \u201cdi lotta\u201d cos\u00ec dice la signora Mary Buscicchio di Lecce per ottenere il riconoscimento di un diritto: una sedia a rotelle bariatrica. Quando per\u00f2 circa un anno e mezzo or sono sembrava essersi risolta l\u2019epopea con l\u2019assegnazione del presidio tra richieste smarrite da parte dei vari medici, aspettative disattese e [&hellip;]<\/p>\n","protected":false},"author":4,"featured_media":60221,"comment_status":"open","ping_status":"closed","sticky":false,"template":"","format":"standard","meta":[],"categories":[1],"tags":[],"_links":{"self":[{"href":"https:\/\/www.leccecronaca.it\/index.php\/wp-json\/wp\/v2\/posts\/60220"}],"collection":[{"href":"https:\/\/www.leccecronaca.it\/index.php\/wp-json\/wp\/v2\/posts"}],"about":[{"href":"https:\/\/www.leccecronaca.it\/index.php\/wp-json\/wp\/v2\/types\/post"}],"author":[{"embeddable":true,"href":"https:\/\/www.leccecronaca.it\/index.php\/wp-json\/wp\/v2\/users\/4"}],"replies":[{"embeddable":true,"href":"https:\/\/www.leccecronaca.it\/index.php\/wp-json\/wp\/v2\/comments?post=60220"}],"version-history":[{"count":2,"href":"https:\/\/www.leccecronaca.it\/index.php\/wp-json\/wp\/v2\/posts\/60220\/revisions"}],"predecessor-version":[{"id":60223,"href":"https:\/\/www.leccecronaca.it\/index.php\/wp-json\/wp\/v2\/posts\/60220\/revisions\/60223"}],"wp:featuredmedia":[{"embeddable":true,"href":"https:\/\/www.leccecronaca.it\/index.php\/wp-json\/wp\/v2\/media\/60221"}],"wp:attachment":[{"href":"https:\/\/www.leccecronaca.it\/index.php\/wp-json\/wp\/v2\/media?parent=60220"}],"wp:term":[{"taxonomy":"category","embeddable":true,"href":"https:\/\/www.leccecronaca.it\/index.php\/wp-json\/wp\/v2\/categories?post=60220"},{"taxonomy":"post_tag","embeddable":true,"href":"https:\/\/www.leccecronaca.it\/index.php\/wp-json\/wp\/v2\/tags?post=60220"}],"curies":[{"name":"wp","href":"https:\/\/api.w.org\/{rel}","templated":true}]}}