{"id":60259,"date":"2015-09-19T16:02:19","date_gmt":"2015-09-19T14:02:19","guid":{"rendered":"http:\/\/www.leccecronaca.it\/?p=60259"},"modified":"2015-09-19T16:02:19","modified_gmt":"2015-09-19T14:02:19","slug":"scenderemo-in-piazza-per-la-riconquista-di-una-nuova-dignita-di-palazzo-carafa","status":"publish","type":"post","link":"https:\/\/www.leccecronaca.it\/index.php\/2015\/09\/19\/scenderemo-in-piazza-per-la-riconquista-di-una-nuova-dignita-di-palazzo-carafa\/","title":{"rendered":"SCENDEREMO IN PIAZZA PER LA RICONQUISTA DI UNA NUOVA DIGNITA&#8217; DI PALAZZO CARAFA"},"content":{"rendered":"<div dir=\"ltr\">\n<p style=\"text-align: left;\" align=\"center\"><strong><span style=\"font-family: 'Times New Roman';\"><img decoding=\"async\" loading=\"lazy\" src=\"https:\/\/www.leccecronaca.it\/wordpress\/wp-content\/uploads\/2014\/05\/M5S.jpeg\" alt=\"\" title=\"M5S\" width=\"227\" height=\"222\" class=\"alignleft size-full wp-image-28772\" \/>E&#8217; necessario esercitare i principi di onest\u00e0 e dignit\u00e0 in una societ\u00e0 civile.<br \/>\n<\/span><\/strong><span style=\"font-family: 'Times New Roman';\">&#8220;<em>Gli avvenimenti riportati dalla stampa in questi giorni riguardo l&#8217;intreccio &#8216;Politica e Mafia&#8217;, svelati dall&#8217;informativa della DIA, secondo la quale\u00a0<\/em><em><strong>la Scu sarebbe pesantemente scesa in campo<\/strong><\/em><em>\u00a0nelle passate elezioni comunali leccesi del 2012<\/em>\u00a0&#8211; scrivono in una nota gli attivisti del MoVimento 5 Stelle di Lecce &#8211;\u00a0<em>ci costringono a ribadire\u00a0<\/em><em><strong>la nostra intransigenza su chi rappresenta ed amministra\u00a0<a>oggi<\/a>\u00a0la nostra citt\u00e0<\/strong><\/em><\/span><em style=\"font-family: 'Times New Roman';\">, intessendo personali rapporti d&#8217;interesse sul territorio\u201d.<br \/>\n<\/em><span style=\"font-family: 'Times New Roman';\">\u201c<\/span><em style=\"font-family: 'Times New Roman';\"><strong>Onest\u00e0 e dignit\u00e0<\/strong><\/em><em style=\"font-family: 'Times New Roman';\">, queste le parole che il Movimento 5 Stelle ha gridato per strada a Lecce durante la fiaccolata del 27 maggio di quest\u2019anno; la richiesta dei cittadini di onest\u00e0 \u00e8 doverosa per un affermarsi di civilt\u00e0 e\u00a0<\/em><em style=\"font-family: 'Times New Roman';\"><strong>saremo pronti a riaffermare tali principi scendendo nuovamente in piazza<\/strong><\/em><em style=\"font-family: 'Times New Roman';\">\u00a0per la riconquista di una nuova dignit\u00e0 di Palazzo Carafa.&#8221;<\/em><span style=\"font-family: 'Times New Roman';\">, concludono i pentastellati.<\/span><\/p>\n<p>\u00a0<span style=\"font-family: 'Times New Roman';\">M5S Lecce<\/span><\/p>\n<div><span style=\"font-family: 'Times New Roman';\"><span><br \/>\n<\/span><\/span><\/div>\n<\/div>\n<fb:like href='https:\/\/www.leccecronaca.it\/index.php\/2015\/09\/19\/scenderemo-in-piazza-per-la-riconquista-di-una-nuova-dignita-di-palazzo-carafa\/' send='true' layout='button_count' show_faces='true' width='450' height='65' action='recommend' colorscheme='light' font='lucida grande'><\/fb:like><span class=\"fb_share\"><fb:like href=\"https:\/\/www.leccecronaca.it\/index.php\/2015\/09\/19\/scenderemo-in-piazza-per-la-riconquista-di-una-nuova-dignita-di-palazzo-carafa\/\" layout=\"button_count\"><\/fb:like><\/span>","protected":false},"excerpt":{"rendered":"<p>E&#8217; necessario esercitare i principi di onest\u00e0 e dignit\u00e0 in una societ\u00e0 civile. &#8220;Gli avvenimenti riportati dalla stampa in questi giorni riguardo l&#8217;intreccio &#8216;Politica e Mafia&#8217;, svelati dall&#8217;informativa della DIA, secondo la quale\u00a0la Scu sarebbe pesantemente scesa in campo\u00a0nelle passate elezioni comunali leccesi del 2012\u00a0&#8211; scrivono in una nota gli attivisti del MoVimento 5 Stelle [&hellip;]<\/p>\n","protected":false},"author":4,"featured_media":28772,"comment_status":"open","ping_status":"closed","sticky":false,"template":"","format":"standard","meta":[],"categories":[76],"tags":[],"_links":{"self":[{"href":"https:\/\/www.leccecronaca.it\/index.php\/wp-json\/wp\/v2\/posts\/60259"}],"collection":[{"href":"https:\/\/www.leccecronaca.it\/index.php\/wp-json\/wp\/v2\/posts"}],"about":[{"href":"https:\/\/www.leccecronaca.it\/index.php\/wp-json\/wp\/v2\/types\/post"}],"author":[{"embeddable":true,"href":"https:\/\/www.leccecronaca.it\/index.php\/wp-json\/wp\/v2\/users\/4"}],"replies":[{"embeddable":true,"href":"https:\/\/www.leccecronaca.it\/index.php\/wp-json\/wp\/v2\/comments?post=60259"}],"version-history":[{"count":1,"href":"https:\/\/www.leccecronaca.it\/index.php\/wp-json\/wp\/v2\/posts\/60259\/revisions"}],"predecessor-version":[{"id":60260,"href":"https:\/\/www.leccecronaca.it\/index.php\/wp-json\/wp\/v2\/posts\/60259\/revisions\/60260"}],"wp:featuredmedia":[{"embeddable":true,"href":"https:\/\/www.leccecronaca.it\/index.php\/wp-json\/wp\/v2\/media\/28772"}],"wp:attachment":[{"href":"https:\/\/www.leccecronaca.it\/index.php\/wp-json\/wp\/v2\/media?parent=60259"}],"wp:term":[{"taxonomy":"category","embeddable":true,"href":"https:\/\/www.leccecronaca.it\/index.php\/wp-json\/wp\/v2\/categories?post=60259"},{"taxonomy":"post_tag","embeddable":true,"href":"https:\/\/www.leccecronaca.it\/index.php\/wp-json\/wp\/v2\/tags?post=60259"}],"curies":[{"name":"wp","href":"https:\/\/api.w.org\/{rel}","templated":true}]}}