{"id":60558,"date":"2015-09-24T05:31:14","date_gmt":"2015-09-24T03:31:14","guid":{"rendered":"http:\/\/www.leccecronaca.it\/?p=60558"},"modified":"2015-09-24T05:32:51","modified_gmt":"2015-09-24T03:32:51","slug":"partono-i-corsi-per-teatro-danza-musica-cinema-canto-performance","status":"publish","type":"post","link":"https:\/\/www.leccecronaca.it\/index.php\/2015\/09\/24\/partono-i-corsi-per-teatro-danza-musica-cinema-canto-performance\/","title":{"rendered":"PARTONO I CORSI PER TEATRO, DANZA, MUSICA, CINEMA, CANTO, PERFORMANCE"},"content":{"rendered":"<p><img decoding=\"async\" loading=\"lazy\" src=\"https:\/\/www.leccecronaca.it\/wordpress\/wp-content\/uploads\/2015\/09\/Unknown1.jpeg\" alt=\"\" title=\"Unknown\" width=\"300\" height=\"168\" class=\"alignleft size-full wp-image-60559\" \/>Parte \u00a0il progetto biennale di formazione per attori ideato e coordinato da Franco Ungaro, gi\u00e0 direttore dei Cantieri Teatrali Koreja di Lecce, pienamente condiviso dagli artisti Edoardo Winspeare, Giorgia Maddamma, Mario Perrotta,\u00a0 Enza Pagliara, Luigi Presicce, Michele Santeramo, Carla Guido e Tonio De Nitto.Il progetto, le cui attivit\u00e0 didattiche partiranno dal 30 ottobre, consiste in un corso biennale di perfezionamento e di formazione pratica per attori che utilizzer\u00e0 metodi e processi da discipline e linguaggi diversi\u00a0 (TEATRO, DANZA, MUSICA, CINEMA, CANTO, PERFORMANCE ETC) per arrivare all\u2019attore totale che sa mettere in gioco tutte le sue potenzialit\u00e0 e capacit\u00e0 di azione (RECITARE, CANTARE, DANZARE, VEDERE, PENSARE E PROGETTARE ETC). Tale formazione pratica sar\u00e0 ben contestualizzata dal punto di vista artistico e culturale, integrata con scambi di buone pratiche, incontri con scrittori, docenti universitari, attori e artisti dal rilevante profilo professionale e culturale e disponibili a trasmettere contenuti, metodi e visioni.<\/p>\n<p>Il corpo docente formato da <strong>EDOARDO WINSPEARE, GIORGIA MADDAMMA, MARIO PERROTTA,\u00a0 ENZA PAGLIARA, LUIGI PRESICCE, MICHELE SANTERAMO, CARLA GUIDO E TONIO DE NITTO<\/strong>, metter\u00e0 a disposizione dei giovani esperienze e competenze di artisti e maestri esperti nell\u2019ottica di una qualificazione ulteriore delle proposte culturali e artistiche del territorio. Si collegher\u00e0 a temi e visioni del contemporaneo,\u00a0 saldamente ancorato alla vocazione e al patrimonio culturale del Mediterraneo, alla sua\u00a0 identit\u00e0 mobile e plurale.<\/p>\n<p>Il progetto sta gi\u00e0 raccogliendo adesioni da enti qualificati come l\u2019Universit\u00e0 del Salento e altre istituzioni educative del territorio e parte col supporto organizzativo e tecnico di Factory Compagnia transadriatica e Don Bosco Teatro di Lecce.<\/p>\n<p><em>\u2018\u00c8 davvero tanto l\u2019entusiasmo e la condivisione che sta incontrando il progetto a livello locale, nazionale e internazionale <\/em>&#8211; ha dichiarato il direttore Franco Ungaro &#8211; <em>colma un vuoto nella offerta culturale e artistica del Salento e della regione rivolta alle giovani generazioni, mette a frutto e in rete esperienze consolidate di produzione e formazione, valorizza il capitale di innovazione che il Salento da sempre esprime, rompe il suo isolamento culturale e geografico collegandosi a tradizioni significative del Mediterraneo e dell\u2019est\u00a0 Europa\u2019.<\/em><\/p>\n<p><strong>STRUTTURA DEL CORSO<\/strong><\/p>\n<p>AMA \u00e8 un percorso formativo BIENNALE: il primo anno gli allievi lavorano con sei guide esperte in uno specifico ambito disciplinare (teatro, danza, cinema , canto, arti visive\/performance, drammaturgia) e un regista che allestir\u00e0 la presentazione performativa finale dei risultati. Frequenteranno e saranno coinvolti in festival, produzioni di teatro, cinema e danza, conferenze, seminari e incontri con esperti, artisti e operatori del settore.<\/p>\n<p>Il secondo anno gli allievi sceglieranno l\u2019area specializzante (max due fra quelle frequentate nel primo anno) e realizzeranno uno spettacolo finale.<\/p>\n<p>&nbsp;<\/p>\n<p>Le lezioni si terranno presso Il Cineporto di lecce e presso il Cineteatro Don Bosco.<\/p>\n<p>&nbsp;<\/p>\n<p>&nbsp;<\/p>\n<p>&nbsp;<\/p>\n<p>&#8211; <em>Direttore<\/em>: Franco Ungaro<\/p>\n<p><em>Guide\/docenti: <\/em>Edoardo Winspeare (RECITAZIONE CINEMATOGRAFICA), Giorgia Maddamma (DANZA), Mario Perrotta(RECITAZIONE), Enza Pagliara (CANTO), Luigi Presicce (VISUAL ART PERFORMANCE), Michele Santeramo (DRAMMATURGIA), Carla Guido (DIZIONE E VOCE)<\/p>\n<p><em>&#8211; Regista del primo anno:<\/em> Tonio De Nitto<\/p>\n<p><strong>DESTINATARI:<\/strong><\/p>\n<p>La classe sar\u00e0 formata da un massimo di 15 persone di et\u00e0 compresa fra 17 e 35 anni e 5 persone over 35 in possesso di diploma di istruzione secondaria e con un minimo di esperienza nella partecipazione a laboratori artistici e teatrali, a spettacoli e\/o compagnie.<\/p>\n<p><strong>PERIODO DI SVOLGIMENTO:<\/strong><\/p>\n<p><strong>30 OTTOBRE 2015 \u2013 25 GIUGNO\u00a02016<\/strong> \u00a0|\u00a0ogni venerd\u00ec\u00a0(3 ore) e sabato (6 ore)<\/p>\n<p>Gli incontri aperti al pubblico per la formazione culturale e gli incontri con artisti e operatori del settore si svolgeranno di mercoled\u00ec.<br \/>\nN.ORE TOTALI: 300 ORE (primo anno) \u2013 300 ORE (secondo anno)<br \/>\n<strong>QUOTA DI ISCRIZIONE:<\/strong><\/p>\n<p>ISCRIZIONE ANNUALE: 70\u00a0\u20ac<\/p>\n<p>TRIMESTRE: 300 \u20ac<\/p>\n<p>II TRIMESTRE: 300 \u20ac<\/p>\n<p>ultimo BIMESTRE: 200 \u20ac<\/p>\n<p>&nbsp;<\/p>\n<p><strong>AGEVOLAZIONI:<\/strong><\/p>\n<p>5\u00a0borse di studio di 300 \u20ac\u00a0saranno assegnate agli allievi secondo criteri di merito e condizione economiche svantaggiose. I richiedenti dovranno allegare alla domanda di iscrizione la certificazione ISEE 2015<\/p>\n<p>&nbsp;<\/p>\n<p><strong>MODALIT\u00c0 DI ISCRIZIONE:<\/strong><\/p>\n<p>Inviare:<\/p>\n<p>&nbsp;<\/p>\n<ul>\n<li>\u00b7Modulo di domanda\u00a0(da scaricare \/ download )<\/li>\n<li>\u00b7Curriculum Vitae<\/li>\n<li>\u00b7Lettera motivazionale<\/li>\n<li>\u00b7Certificazione ISEE 2015\u00a0( se richiesto )<\/li>\n<\/ul>\n<p>Le iscrizioni saranno accettate a partire\u00a0dal 18 settembre e dovranno pervenire entro e non oltre il 15 ottobre\u00a0all\u2019indirizzo mail:\u00a0info@accademiaama.itall\u2019attenzione di Chiara De Pascalis.<\/p>\n<p>&nbsp;<\/p>\n<fb:like href='https:\/\/www.leccecronaca.it\/index.php\/2015\/09\/24\/partono-i-corsi-per-teatro-danza-musica-cinema-canto-performance\/' send='true' layout='button_count' show_faces='true' width='450' height='65' action='recommend' colorscheme='light' font='lucida grande'><\/fb:like><span class=\"fb_share\"><fb:like href=\"https:\/\/www.leccecronaca.it\/index.php\/2015\/09\/24\/partono-i-corsi-per-teatro-danza-musica-cinema-canto-performance\/\" layout=\"button_count\"><\/fb:like><\/span>","protected":false},"excerpt":{"rendered":"<p>Parte \u00a0il progetto biennale di formazione per attori ideato e coordinato da Franco Ungaro, gi\u00e0 direttore dei Cantieri Teatrali Koreja di Lecce, pienamente condiviso dagli artisti Edoardo Winspeare, Giorgia Maddamma, Mario Perrotta,\u00a0 Enza Pagliara, Luigi Presicce, Michele Santeramo, Carla Guido e Tonio De Nitto.Il progetto, le cui attivit\u00e0 didattiche partiranno dal 30 ottobre, consiste in [&hellip;]<\/p>\n","protected":false},"author":4,"featured_media":60559,"comment_status":"open","ping_status":"closed","sticky":false,"template":"","format":"standard","meta":[],"categories":[31],"tags":[],"_links":{"self":[{"href":"https:\/\/www.leccecronaca.it\/index.php\/wp-json\/wp\/v2\/posts\/60558"}],"collection":[{"href":"https:\/\/www.leccecronaca.it\/index.php\/wp-json\/wp\/v2\/posts"}],"about":[{"href":"https:\/\/www.leccecronaca.it\/index.php\/wp-json\/wp\/v2\/types\/post"}],"author":[{"embeddable":true,"href":"https:\/\/www.leccecronaca.it\/index.php\/wp-json\/wp\/v2\/users\/4"}],"replies":[{"embeddable":true,"href":"https:\/\/www.leccecronaca.it\/index.php\/wp-json\/wp\/v2\/comments?post=60558"}],"version-history":[{"count":3,"href":"https:\/\/www.leccecronaca.it\/index.php\/wp-json\/wp\/v2\/posts\/60558\/revisions"}],"predecessor-version":[{"id":60561,"href":"https:\/\/www.leccecronaca.it\/index.php\/wp-json\/wp\/v2\/posts\/60558\/revisions\/60561"}],"wp:featuredmedia":[{"embeddable":true,"href":"https:\/\/www.leccecronaca.it\/index.php\/wp-json\/wp\/v2\/media\/60559"}],"wp:attachment":[{"href":"https:\/\/www.leccecronaca.it\/index.php\/wp-json\/wp\/v2\/media?parent=60558"}],"wp:term":[{"taxonomy":"category","embeddable":true,"href":"https:\/\/www.leccecronaca.it\/index.php\/wp-json\/wp\/v2\/categories?post=60558"},{"taxonomy":"post_tag","embeddable":true,"href":"https:\/\/www.leccecronaca.it\/index.php\/wp-json\/wp\/v2\/tags?post=60558"}],"curies":[{"name":"wp","href":"https:\/\/api.w.org\/{rel}","templated":true}]}}