{"id":60623,"date":"2015-09-25T13:00:46","date_gmt":"2015-09-25T11:00:46","guid":{"rendered":"http:\/\/www.leccecronaca.it\/?p=60623"},"modified":"2015-09-25T13:00:46","modified_gmt":"2015-09-25T11:00:46","slug":"martina-franca-lecce-con-il-tursi-vietato-ai-leccesi-i-giallorossi-cercano-i-tre-punti-ma-senza-moscardelli","status":"publish","type":"post","link":"https:\/\/www.leccecronaca.it\/index.php\/2015\/09\/25\/martina-franca-lecce-con-il-tursi-vietato-ai-leccesi-i-giallorossi-cercano-i-tre-punti-ma-senza-moscardelli\/","title":{"rendered":"MARTINA FRANCA-LECCE\/ CON IL &#8220;TURSI&#8221; VIETATO AI LECCESI, I GIALLOROSSI CERCANO I TRE PUNTI, MA SENZA MOSCARDELLI"},"content":{"rendered":"<p><img decoding=\"async\" loading=\"lazy\" src=\"https:\/\/www.leccecronaca.it\/wordpress\/wp-content\/uploads\/2015\/09\/FullSizeRender-10-300x297.jpg\" alt=\"\" title=\"FullSizeRender (10)\" width=\"300\" height=\"297\" class=\"alignleft size-medium wp-image-60631\" srcset=\"https:\/\/www.leccecronaca.it\/wordpress\/wp-content\/uploads\/2015\/09\/FullSizeRender-10-300x297.jpg 300w, https:\/\/www.leccecronaca.it\/wordpress\/wp-content\/uploads\/2015\/09\/FullSizeRender-10-150x150.jpg 150w, https:\/\/www.leccecronaca.it\/wordpress\/wp-content\/uploads\/2015\/09\/FullSizeRender-10.jpg 469w\" sizes=\"(max-width: 300px) 100vw, 300px\" \/>di <strong>Laura Ricci<\/strong>____<\/p>\n<p>Gli uomini di mister Asta si preparano a un&#8217;altra battaglia, che questa volta non potr\u00e0 avere sugli spalti i tifosi leccesi.<\/p>\n<p>Domani alle ore 15.00 il Lecce affronter\u00e0 il Martina Franca allo stadio &#8220;Tursi&#8221;, che non sar\u00e0 accessibile ai sostenitori giallorossi a causa della decisione adottata dal Prefetto di Taranto di <strong>vietare la vendita dei biglietti ai residenti di Lecce e provincia.<\/strong><\/p>\n<p>Il provvedimento \u00e8 stato preso in considerazione degli scontri avvenuti tra le due tifoserie avversarie in occasione del match dello scorso anno; giudicata dunque come situazione ad alto rischio, si \u00e8 deciso di non ammettere i tifosi leccesi allo stadio.<\/p>\n<p>In totale disaccordo, la societ\u00e0 salentina ha cos\u00ec espresso il proprio dissenso, dichiarando di essere pronta a muoversi in maniera significativa:<\/p>\n<p><em>&#8221; L\u2019U.S. Lecce, nel prendere atto della decisione adottata dal Prefetto di Taranto \u00a0relativa al divieto della vendita dei tagliandi per la gara di campionato Martina Franca \u2013 Lecce di sabato 26 settembre ai tifosi residenti nella provincia di Lecce, desidera significare quanto segue:<\/em><\/p>\n<p><em>&#8211; La decisione assunta, adottata a tutela dell\u2019ordine e sicurezza pubblica in considerazione \u201cdell\u2019alto rischio\u201d per la rivalit\u00e0 tra le tifoserie per episodi di intemperanza occorsi nello scorso campionato, risulta essere, a sommesso avviso della scrivente, eccessivamente afflittiva dei diritti dei tifosi giallorossi.<\/em><br \/>\n<em>&#8211; Tenuto conto delle problematiche strutturali dello Stadio Comunale \u201cG.D. Tursi\u201d di Martina Franca, espressamente richiamate\u00a0nell&#8217;ordinanza\u00a0prefettizia e che hanno, tra l\u2019altro, comportato una variazione dell\u2019orario d\u2019inizio della gara, l\u2019U.S. Lecce esprime il proprio\u00a0rammarico, in quanto non sono comprensibili le ragioni per le quali non sono state adottate diverse ed ulteriori misure organizzative di rigore, che avrebbero potuto, laddove applicate nel caso di specie, garantire un afflusso controllato dei tifosi giallorossi residenti in provincia di Lecce.<\/em><\/p>\n<p><em>Tutto quanto sopra esposto sar\u00e0 significato dall\u2019U.S. Lecce, nei modi e nelle forme opportune, nelle sedi competenti.&#8221;<\/em><\/p>\n<p>Intanto, il Lecce cercher\u00e0 di scalare la classifica, ancora in fase di assestamento, che vede in cima Paganese e Casertana a quota sette punti; per i salentini sono quattro i punti conquistati, posizionandosi momentaneamente all&#8217;ottavo posto.<\/p>\n<p>\u00c8 ancora troppo presto per parlare di una classifica &#8220;affidabile&#8221;, ma \u00e8 premura di tutto il gruppo giallorosso non voler sprecare punti preziosi.<\/p>\n<p>A dare man forte alla difesa sar\u00e0 Liviero, di ritorno dal turno di squalifica; con Freddi e Camisa confermati al centro del reparto arretrato, Asta dovr\u00e0 verificare le condizioni di Lo Bue che ha accusato dei fastidi fisici negli ultimi giorni di allenamento. Probabile una maglia da titolare per Beduschi.<\/p>\n<p>Oltre al terzino, il Lecce aspetta ancora Cosenza, alle prese da diverse settimane con un infortunio, e perde quasi sicuramente anche Doumbia che ha svolto lavoro differenziato.<\/p>\n<p>Pesa notevolmente l&#8217;assenza dell&#8217;attaccante leccese, in quanto ennesima pedina offensiva che il Lecce non avr\u00e0 a disposizione: oltre a Curiale, anche Moscardelli, infortunatosi nel corso dello scorso match contro la Casertana, non potr\u00e0 scendere in campo.<\/p>\n<p>Spazio dunque a Carrozza, che sta facendo bene come seconda punta, ma che non &#8220;vede&#8221; la porta come un attaccante puro: c&#8217;\u00e8 bisogno di una &#8220;torre&#8221; che riesca a insaccare il pallone, ma che sia anche in grado di far salire la squadra e di permettere ai propri compagni (Carrozza e Surraco in primis) di svariare alle sue spalle: Abou Diop avr\u00e0 l&#8217;occasione di partire da titolare e di dimostrare le proprie capacit\u00e0.<\/p>\n<p><strong>L&#8217;avversario<\/strong>: non arriva al meglio a questa gara il Martina Franca, che ha alle spalle un pareggio, ottenuto contro la Paganese, e due sconfitte, subite contro Cosenza e Ischia.<\/p>\n<p>La squadra pugliese vuole ritrovare davanti al proprio pubblico la via della vittoria e gli equilibri tattici necessari per affrontare il campionato; non sar\u00e0 una gara semplice per il Lecce, determinato a ottenere i tre punti ma orfano di giocatori fondamentali per il gruppo.<\/p>\n<p>&nbsp;<\/p>\n<fb:like href='https:\/\/www.leccecronaca.it\/index.php\/2015\/09\/25\/martina-franca-lecce-con-il-tursi-vietato-ai-leccesi-i-giallorossi-cercano-i-tre-punti-ma-senza-moscardelli\/' send='true' layout='button_count' show_faces='true' width='450' height='65' action='recommend' colorscheme='light' font='lucida grande'><\/fb:like><span class=\"fb_share\"><fb:like href=\"https:\/\/www.leccecronaca.it\/index.php\/2015\/09\/25\/martina-franca-lecce-con-il-tursi-vietato-ai-leccesi-i-giallorossi-cercano-i-tre-punti-ma-senza-moscardelli\/\" layout=\"button_count\"><\/fb:like><\/span>","protected":false},"excerpt":{"rendered":"<p>di Laura Ricci____ Gli uomini di mister Asta si preparano a un&#8217;altra battaglia, che questa volta non potr\u00e0 avere sugli spalti i tifosi leccesi. Domani alle ore 15.00 il Lecce affronter\u00e0 il Martina Franca allo stadio &#8220;Tursi&#8221;, che non sar\u00e0 accessibile ai sostenitori giallorossi a causa della decisione adottata dal Prefetto di Taranto di vietare [&hellip;]<\/p>\n","protected":false},"author":4,"featured_media":0,"comment_status":"open","ping_status":"closed","sticky":false,"template":"","format":"standard","meta":[],"categories":[28],"tags":[],"_links":{"self":[{"href":"https:\/\/www.leccecronaca.it\/index.php\/wp-json\/wp\/v2\/posts\/60623"}],"collection":[{"href":"https:\/\/www.leccecronaca.it\/index.php\/wp-json\/wp\/v2\/posts"}],"about":[{"href":"https:\/\/www.leccecronaca.it\/index.php\/wp-json\/wp\/v2\/types\/post"}],"author":[{"embeddable":true,"href":"https:\/\/www.leccecronaca.it\/index.php\/wp-json\/wp\/v2\/users\/4"}],"replies":[{"embeddable":true,"href":"https:\/\/www.leccecronaca.it\/index.php\/wp-json\/wp\/v2\/comments?post=60623"}],"version-history":[{"count":9,"href":"https:\/\/www.leccecronaca.it\/index.php\/wp-json\/wp\/v2\/posts\/60623\/revisions"}],"predecessor-version":[{"id":60633,"href":"https:\/\/www.leccecronaca.it\/index.php\/wp-json\/wp\/v2\/posts\/60623\/revisions\/60633"}],"wp:attachment":[{"href":"https:\/\/www.leccecronaca.it\/index.php\/wp-json\/wp\/v2\/media?parent=60623"}],"wp:term":[{"taxonomy":"category","embeddable":true,"href":"https:\/\/www.leccecronaca.it\/index.php\/wp-json\/wp\/v2\/categories?post=60623"},{"taxonomy":"post_tag","embeddable":true,"href":"https:\/\/www.leccecronaca.it\/index.php\/wp-json\/wp\/v2\/tags?post=60623"}],"curies":[{"name":"wp","href":"https:\/\/api.w.org\/{rel}","templated":true}]}}