{"id":61070,"date":"2015-10-05T17:33:52","date_gmt":"2015-10-05T15:33:52","guid":{"rendered":"http:\/\/www.leccecronaca.it\/?p=61070"},"modified":"2015-10-05T17:33:52","modified_gmt":"2015-10-05T15:33:52","slug":"rai-pagliaro-fi-si-abolisca-il-canone-e-si-privatizzi-linutile-carrozzone-lottizzato","status":"publish","type":"post","link":"https:\/\/www.leccecronaca.it\/index.php\/2015\/10\/05\/rai-pagliaro-fi-si-abolisca-il-canone-e-si-privatizzi-linutile-carrozzone-lottizzato\/","title":{"rendered":"RAI, PAGLIARO ( FI ) : &#8220;SI  ABOLISCA  IL  CANONE  E  SI PRIVATIZZI  L&#8217;INUTILE  CARROZZONE LOTTIZZATO&#8221;"},"content":{"rendered":"<p style=\"text-align: left;\" align=\"CENTER\"><span style=\"font-family: 'Times New Roman', serif;\"><img decoding=\"async\" loading=\"lazy\" src=\"https:\/\/www.leccecronaca.it\/wordpress\/wp-content\/uploads\/2015\/10\/aaa.jpeg\" alt=\"\" title=\"aaa\" width=\"290\" height=\"174\" class=\"alignleft size-full wp-image-61071\" \/><em>Riceviamo e volentieri pubblichiamo<\/em>______<br \/>\n&#8220;Per definizione, il canone \u00e8 una quota da pagare a fronte di un servizio. L\u2019obbligatoriet\u00e0 del canone Rai, per il solo fatto di esistere, di avere una casa, e ora con la nuova sortita di Renzi, pagare la bolletta dell\u2019Enel, \u00e8 uno dei lacci pi\u00f9 stretti e insopportabili che lo Stato italiano mantiene al collo dei contribuenti per foraggiare quello che ormai \u00e8 un ricordo lontano di eccellenza culturale con una funzione sociale, ridotto a carrozzone utile solo al clientelismo che ne ha depauperato la qualit\u00e0.&#8221; Lo dichiara Paolo Pagliaro dell&#8217;ufficio di Presidenza di Forza Italia.<\/span><\/p>\n<p align=\"JUSTIFY\"><span><span style=\"font-family: 'Times New Roman', serif;\"><br \/>\n<\/span><span style=\"color: #000000;\"><span style=\"font-family: 'Times New Roman', serif;\">&#8220;L\u2019immobilismo politico e istituzionale del Paese -aggiunge -non consente di avviare un dibattito serio su riforme davvero utili e coraggiose che andrebbero portate a regime.\u00c8 inutile nascondersi: la Rai \u00e8 un ente in attesa di privatizzazione.\u00c8 un atto necessario per rilanciare la qualit\u00e0 di un prodotto ormai scadente e subordinato ai desiderata del potere e all\u2019esigenza di poltronismo imperante.Abbiamo perso memoria e contezza del concetto stesso di servizio pubblico, quello erogato per consentire la costruzione di un\u2019opinione pubblica libera e forte.<\/span><\/span><\/span><\/p>\n<p align=\"JUSTIFY\"><span><span style=\"font-family: 'Times New Roman', serif;\"><br \/>\n<\/span><span style=\"color: #000000;\"><span style=\"font-family: 'Times New Roman', serif;\">Sotto il profilo dell\u2019informazione, \u00e8 evidente a tutti che la Rai sia orientata e gestita dal potere di governo come se fosse una televisione di regime.Se il canone, quindi, deve essere pagato, che venga distribuito anche alle televisioni private locali che fanno realmente servizio pubblico e che vivono, peraltro, un momento di grande difficolt\u00e0.<\/span><\/span><\/span><\/p>\n<p align=\"JUSTIFY\"><span><span style=\"font-family: 'Times New Roman', serif;\"><br \/>\n<\/span><span style=\"color: #000000;\"><span style=\"font-family: 'Times New Roman', serif;\">Antenne locali che offrono un\u2019informazione asettica, obiettiva e pluralista e non certo lottizzata e faziosa come il grande colosso pubblico.Un colosso che mentre si nutre attingendo soldi dalle tasche dei cittadini, continua a pagare super stipendi per conduttori alla Fabio Fazio e per super dirigenti.Bisogna -conclude Pagliaro- accendere i riflettori e cominciare a parlare seriamente di privatizzazione perch\u00e9 non si pu\u00f2 esigere il pagamento di una tassa per una televisione che ha smesso da troppo tempo di essere a servizio della collettivit\u00e0&#8221;.<\/span><\/span><\/span><\/p>\n<fb:like href='https:\/\/www.leccecronaca.it\/index.php\/2015\/10\/05\/rai-pagliaro-fi-si-abolisca-il-canone-e-si-privatizzi-linutile-carrozzone-lottizzato\/' send='true' layout='button_count' show_faces='true' width='450' height='65' action='recommend' colorscheme='light' font='lucida grande'><\/fb:like><span class=\"fb_share\"><fb:like href=\"https:\/\/www.leccecronaca.it\/index.php\/2015\/10\/05\/rai-pagliaro-fi-si-abolisca-il-canone-e-si-privatizzi-linutile-carrozzone-lottizzato\/\" layout=\"button_count\"><\/fb:like><\/span>","protected":false},"excerpt":{"rendered":"<p>Riceviamo e volentieri pubblichiamo______ &#8220;Per definizione, il canone \u00e8 una quota da pagare a fronte di un servizio. L\u2019obbligatoriet\u00e0 del canone Rai, per il solo fatto di esistere, di avere una casa, e ora con la nuova sortita di Renzi, pagare la bolletta dell\u2019Enel, \u00e8 uno dei lacci pi\u00f9 stretti e insopportabili che lo Stato [&hellip;]<\/p>\n","protected":false},"author":4,"featured_media":61071,"comment_status":"open","ping_status":"closed","sticky":false,"template":"","format":"standard","meta":[],"categories":[36],"tags":[],"_links":{"self":[{"href":"https:\/\/www.leccecronaca.it\/index.php\/wp-json\/wp\/v2\/posts\/61070"}],"collection":[{"href":"https:\/\/www.leccecronaca.it\/index.php\/wp-json\/wp\/v2\/posts"}],"about":[{"href":"https:\/\/www.leccecronaca.it\/index.php\/wp-json\/wp\/v2\/types\/post"}],"author":[{"embeddable":true,"href":"https:\/\/www.leccecronaca.it\/index.php\/wp-json\/wp\/v2\/users\/4"}],"replies":[{"embeddable":true,"href":"https:\/\/www.leccecronaca.it\/index.php\/wp-json\/wp\/v2\/comments?post=61070"}],"version-history":[{"count":1,"href":"https:\/\/www.leccecronaca.it\/index.php\/wp-json\/wp\/v2\/posts\/61070\/revisions"}],"predecessor-version":[{"id":61072,"href":"https:\/\/www.leccecronaca.it\/index.php\/wp-json\/wp\/v2\/posts\/61070\/revisions\/61072"}],"wp:featuredmedia":[{"embeddable":true,"href":"https:\/\/www.leccecronaca.it\/index.php\/wp-json\/wp\/v2\/media\/61071"}],"wp:attachment":[{"href":"https:\/\/www.leccecronaca.it\/index.php\/wp-json\/wp\/v2\/media?parent=61070"}],"wp:term":[{"taxonomy":"category","embeddable":true,"href":"https:\/\/www.leccecronaca.it\/index.php\/wp-json\/wp\/v2\/categories?post=61070"},{"taxonomy":"post_tag","embeddable":true,"href":"https:\/\/www.leccecronaca.it\/index.php\/wp-json\/wp\/v2\/tags?post=61070"}],"curies":[{"name":"wp","href":"https:\/\/api.w.org\/{rel}","templated":true}]}}