{"id":61073,"date":"2015-10-05T17:37:59","date_gmt":"2015-10-05T15:37:59","guid":{"rendered":"http:\/\/www.leccecronaca.it\/?p=61073"},"modified":"2015-10-05T17:37:59","modified_gmt":"2015-10-05T15:37:59","slug":"cavallino-piantine-alle-giovani-marmotte","status":"publish","type":"post","link":"https:\/\/www.leccecronaca.it\/index.php\/2015\/10\/05\/cavallino-piantine-alle-giovani-marmotte\/","title":{"rendered":"CAVALLINO: PIANTINE ALLE GIOVANI MARMOTTE"},"content":{"rendered":"<p><img decoding=\"async\" loading=\"lazy\" src=\"https:\/\/www.leccecronaca.it\/wordpress\/wp-content\/uploads\/2015\/10\/piantine_cubetto_insalata-300x234.jpg\" alt=\"\" title=\"piantine_cubetto_insalata\" width=\"300\" height=\"234\" class=\"alignleft size-medium wp-image-61074\" srcset=\"https:\/\/www.leccecronaca.it\/wordpress\/wp-content\/uploads\/2015\/10\/piantine_cubetto_insalata-300x234.jpg 300w, https:\/\/www.leccecronaca.it\/wordpress\/wp-content\/uploads\/2015\/10\/piantine_cubetto_insalata.jpg 400w\" sizes=\"(max-width: 300px) 100vw, 300px\" \/>Marted\u00ec 6 ottobre 2015 alle ore 16.30, presso l\u2019Istituto Comprensivo \u201cLeonardo da Vinci\u201d di Via Togliatti a Cavallino, si terr\u00e0 un incontro nel corso del quale saranno consegnati gli orti didattici e le piantine ai ragazzi del Comprensivo che hanno partecipato al Progetto \u201cGiovani Marmotte\u201d, promosso dal Comune di Cavallino, finanziato dal G.A.L. \u201cValle della Cupa\u201d nell\u2019ambito del Programma di Sviluppo Rurale della regione Puglia 2007-2013, Misura 3.2.1 \u2013 Intervento 1.A &#8211; Cultura Rurale e Frontiera Ecologica del Pianeta Terra e realizzato in collaborazione con il locale Istituto Comprensivo \u201cLeonardo da Vinci\u201d\u00a0 e con Asl-Sian di Lecce.<\/p>\n<p>All\u2019incontro saranno presenti il Sindaco di Cavallino Avv. Michele Lombardi,\u00a0 il Vice Sindaco e Assessore all&#8217;Ambiente e alla Cultura On. Avv. Gaetano Gorgoni, la Dirigente Istituto Comprensivo \u201cLeonardo da Vinci\u201d Professoressa Caterina Marenaci, la Consigliera Delegata ai Rapporti con il G.A.L. Dott.ssa Isabella Rizzo ed il Coordinatore del Progetto Dr. Agr. Fabio G. Lettere.<\/p>\n<p>Si tratta della seconda parte del Progetto, partito un il ciclo di lezioni teoriche, che oltre ad essere innovativo ha superato ogni previsione di partecipazione ed \u00e8 diventato un modello seguito da altri Comuni non solo provinciali. All\u2019inizio dell&#8217;anno, sono state effettuate lezioni tecnico-pratiche con indicazioni di carattere botanico-vegetazionale per le essenze vegetali, in particolare per erbe officinali, ortaggi e leguminose. Inoltre sono state effettuate lezioni sulla biologia delle api e per la produzione di miele, cera, pappa reale e propoli.<\/p>\n<p>Alla fine di queste lezioni, il 6 marzo scorso, presso i locali della Mediateca Comunale \u201cRosa Fuso Martiriggiano\u201d, si \u00e8 tenuto un incontro che ha riscosso entusiasmo sia dei ragazzi partecipanti, tutti appartenenti alle Scuole Primarie di Primo Grado che delle loro famiglie.<\/p>\n<p>Le lezioni sono state effettuate nel periodo invernale dal Dr. Agronomo Fabio G. Lettere e dai Tutors Dr. Stefano D\u2019Aprile e Dr. Gianluca Marenaci, mentre lo studio dell\u2019apicoltura \u00e8 stato affidato al Dr. Biologo Cristian Delle Noci.<\/p>\n<p>Gli orti didattici, in numero di 42, sono stati organizzati nello spazio esterno dell\u2019Istituto Comprensivo \u201cLeonardo da Vinci\u201d in via Togliatti per i quali l&#8217;Amministrazione Comunale, con propri fondi, ha effettuato lavori di sbancamento del materiale di risulta edile e battuto di cava, sostituendolo con terreno vegetale per ca. cm. 40. Inoltre, ogni orto didattico \u00e8 fornito di irrigazione, con una linea autonoma di ala gocciolante per provvedere all&#8217;apporto idrico necessario alle piantine che saranno messe a dimora. Queste saranno fornite ad ogni ragazzo che, con l&#8217;adozione del sistema di coltivazione biologico, provveder\u00e0 a tutte le operazione colturali necessarie per lo sviluppo delle stesse, in particolare al trapianto, alla lavorazione del terreno, all&#8217;irrigazione e concimazione. Le arnie con le api, saranno allocate in un terreno di propriet\u00e0 comunale ed i ragazzi, utilizzeranno tutto il materiale apistico specifico per ogni singola operazione, al fine di acquisire le competenze di settore ma operando nelle condizioni di massima\u00a0 sicurezza.<\/p>\n<p>Nei mesi primaverili ed estivi il plesso della Scuola Media \u00e8 stato interessato da lavori di ristrutturazione e riqualificazione, pertanto, per motivi di sicurezza, si \u00e8 attesa la fine di questi per poter affidare gli orti didattici ai ragazzi. Pertanto, gi\u00e0 prima dell\u2019estate ai ragazzi sono state fornite delle piantine che hanno coltivato nei loro giardini e garantita l&#8217;assistenza tecnica, i cui eccellenti e sorprendenti risultati sono attestati da numerosissime foto. I partecipanti saranno divisi in gruppi omogenei per et\u00e0 e potranno essere supportati nella coltivazione delle essenze vegetali loro destinate con l\u2019ausilio dei loro genitori e nonni. A conclusione del Progetto, il miele sar\u00e0 confezionato in vasetti etichettati con il logo sia del Progetto che degli Enti promotori e sar\u00e0 regalato ad ogni partecipante insieme ad una targa ricordo.<\/p>\n<p>Nello sviluppo del Progetto si \u00e8 delineata la professionalit\u00e0 dell\u2019Agronomo Fabio G. Lettere e dei Tutors Stefano D\u2019Aprile e Gianluca Marenaci Gianluca, e del Biologo Cristian Delle Noci, con la loro capacit\u00e0 di saper condurre i ragazzi, pur in cos\u00ec giovane et\u00e0, verso nuove conoscenze teoriche e tecniche sperimentali. Il plauso maggiore va ai ragazzi che hanno denotato impegno, attenzione e partecipazione attiva verso materie nuove che cominceranno a misurare con esperienze dirette anche per dimostrare le nuove competenze acquisite. Fondamentale \u00e8 strato\u00a0 il ruolo dell&#8217;Istituto Comprensivo che con la sua Dirigente Caterina Marenaci, ha saputo cogliere con immediatezza la bont\u00e0 del Progetto, legittimando un ruolo principale nella Comunit\u00e0 Cavallinese. L\u2019Amministrazione Comunale ha il merito di aver ideato, concepito e realizzato un Progetto innovativo, articolato e sperimentale.<\/p>\n<p>L\u2019auspicio, anche con una certa dose di speranza \u00e8 che l\u2019entusiasmo dimostrato dai ragazzi durante lo sviluppo del Progetto si traduca sia in uno sviluppo rigoglioso delle piantine loro affidate e nella cura delle api che nel rispetto e l&#8217;amore per la natura che li circonda.<\/p>\n<p>Riscoprire l\u2019agricoltura quale fonte di ricchezza intelligente e sostenibile, sia a livello personale che per l\u2019intera Comunit\u00e0, come nuovo impulso per diffondere i valori produttivo-ecologico-culturali del territorio, \u00e8 stato l\u2019obiettivo principale del Progetto, con un&#8217; immagine reale dell\u2019attivit\u00e0 in campagna e della natura, per facilitare lo scambio di tradizioni ed utilizzare le esperienze acquisite come attivit\u00e0 spendibili nel futuro mondo lavorativo.<\/p>\n<p>&nbsp;<\/p>\n<p>&nbsp;<\/p>\n<p align=\"right\">Il Consigliere Delegato al G.A.L.<\/p>\n<p align=\"right\">Dott.ssa Isabella Rizzo<\/p>\n<fb:like href='https:\/\/www.leccecronaca.it\/index.php\/2015\/10\/05\/cavallino-piantine-alle-giovani-marmotte\/' send='true' layout='button_count' show_faces='true' width='450' height='65' action='recommend' colorscheme='light' font='lucida grande'><\/fb:like><span class=\"fb_share\"><fb:like href=\"https:\/\/www.leccecronaca.it\/index.php\/2015\/10\/05\/cavallino-piantine-alle-giovani-marmotte\/\" layout=\"button_count\"><\/fb:like><\/span>","protected":false},"excerpt":{"rendered":"<p>Marted\u00ec 6 ottobre 2015 alle ore 16.30, presso l\u2019Istituto Comprensivo \u201cLeonardo da Vinci\u201d di Via Togliatti a Cavallino, si terr\u00e0 un incontro nel corso del quale saranno consegnati gli orti didattici e le piantine ai ragazzi del Comprensivo che hanno partecipato al Progetto \u201cGiovani Marmotte\u201d, promosso dal Comune di Cavallino, finanziato dal G.A.L. \u201cValle della [&hellip;]<\/p>\n","protected":false},"author":4,"featured_media":61074,"comment_status":"open","ping_status":"closed","sticky":false,"template":"","format":"standard","meta":[],"categories":[1],"tags":[],"_links":{"self":[{"href":"https:\/\/www.leccecronaca.it\/index.php\/wp-json\/wp\/v2\/posts\/61073"}],"collection":[{"href":"https:\/\/www.leccecronaca.it\/index.php\/wp-json\/wp\/v2\/posts"}],"about":[{"href":"https:\/\/www.leccecronaca.it\/index.php\/wp-json\/wp\/v2\/types\/post"}],"author":[{"embeddable":true,"href":"https:\/\/www.leccecronaca.it\/index.php\/wp-json\/wp\/v2\/users\/4"}],"replies":[{"embeddable":true,"href":"https:\/\/www.leccecronaca.it\/index.php\/wp-json\/wp\/v2\/comments?post=61073"}],"version-history":[{"count":1,"href":"https:\/\/www.leccecronaca.it\/index.php\/wp-json\/wp\/v2\/posts\/61073\/revisions"}],"predecessor-version":[{"id":61075,"href":"https:\/\/www.leccecronaca.it\/index.php\/wp-json\/wp\/v2\/posts\/61073\/revisions\/61075"}],"wp:featuredmedia":[{"embeddable":true,"href":"https:\/\/www.leccecronaca.it\/index.php\/wp-json\/wp\/v2\/media\/61074"}],"wp:attachment":[{"href":"https:\/\/www.leccecronaca.it\/index.php\/wp-json\/wp\/v2\/media?parent=61073"}],"wp:term":[{"taxonomy":"category","embeddable":true,"href":"https:\/\/www.leccecronaca.it\/index.php\/wp-json\/wp\/v2\/categories?post=61073"},{"taxonomy":"post_tag","embeddable":true,"href":"https:\/\/www.leccecronaca.it\/index.php\/wp-json\/wp\/v2\/tags?post=61073"}],"curies":[{"name":"wp","href":"https:\/\/api.w.org\/{rel}","templated":true}]}}