{"id":61610,"date":"2015-10-13T20:06:10","date_gmt":"2015-10-13T18:06:10","guid":{"rendered":"http:\/\/www.leccecronaca.it\/?p=61610"},"modified":"2015-10-14T12:53:17","modified_gmt":"2015-10-14T10:53:17","slug":"le-forze-dellordine-e-i-vigili-del-fuoco-leccesi-sono-in-difficolta","status":"publish","type":"post","link":"https:\/\/www.leccecronaca.it\/index.php\/2015\/10\/13\/le-forze-dellordine-e-i-vigili-del-fuoco-leccesi-sono-in-difficolta\/","title":{"rendered":"LE FORZE DELL&#8217;ORDINE E I VIGILI DEL FUOCO LECCESI SONO IN DIFFICOLTA&#8217;"},"content":{"rendered":"<p style=\"text-align: left;\" align=\"center\"><strong><img decoding=\"async\" loading=\"lazy\" src=\"https:\/\/www.leccecronaca.it\/wordpress\/wp-content\/uploads\/2015\/10\/AAA1-300x252.png\" alt=\"\" title=\"AAA\" width=\"300\" height=\"252\" class=\"alignleft size-medium wp-image-61611\" srcset=\"https:\/\/www.leccecronaca.it\/wordpress\/wp-content\/uploads\/2015\/10\/AAA1-300x252.png 300w, https:\/\/www.leccecronaca.it\/wordpress\/wp-content\/uploads\/2015\/10\/AAA1.png 400w\" sizes=\"(max-width: 300px) 100vw, 300px\" \/>Riceviamo e volentieri pubblichiamo______<\/strong><\/p>\n<p style=\"text-align: left;\" align=\"center\"><strong>&#8220;Siamo sempre meno, con locali fatiscenti e Risorse insufficienti&#8221;.<br \/>\n<\/strong>I Poliziotti ed i Vigili del Fuoco Leccesi denunciano ancora una volta alle Istituzioni la grave situazione in cui versa la sicurezza nella Provincia di Lecce e comunicano la partecipazione alla Manifestazione Nazionale a Roma del 15 Ottobre;<\/p>\n<p>Per quanto riguarda la Polizia di Stato, il Segretario del S.A.P. <strong>Carlo Giannini<\/strong> denuncia che le Risorse Umane sono insufficienti a garantire il Controllo del Territorio degno di tale termine; al momento non sono garantite turnazioni h. 24 nei Commissariati della Provincia di Lecce, nel capoluogo quotidianamente si riescono a formare uno due equipaggi a turno, quando anni fa ne uscivano sei per turno; per non parlare delle specialita\u2019 quali Polstrada, Polfer e Postale, ben al disotto delle reali necessita\u2019 di risorse umane; e vogliamo dire qualcosa sull\u2019Ordine Pubblico? I servizi vengono coperti da personale degli Uffici, con eta\u2019 media vicina ai cinquant\u2019anni; eppure pochi mesi fa abbiamo letto di rinforzi di centotrentuno unita\u2019 di rinforzo \u2026 CHI LI HA VISTI? Ora apprendiamo dai media che il Salento puo\u2019 diventare \u00a0Distretto del Turismo e si vogliono accelerare le operazioni per non lasciare in mano della criminalita\u2019 detto Comparto; ma con quali Risorse fronteggiamo la situazione?<\/p>\n<p>E\u2019 paradossale come in un lembo di terra circondato dal mare (Salento) si proponga di chiudere la Squadra Nautica, invece di rafforzarla ed utilizzarla a dovere; ad esempio con acquascooter, oppure utilizzare pattuglie motomontate nei periodi estivi; ma questi sono banali esempi di Organizzazione, invece in Italia prima si lancia lo spot mediatico, poi si vedra\u2019 \u2026.<\/p>\n<p>Il Salento \u00e8 Meta Turistica primaria in Italia; \u00e8 giusto, \u00e8 vero, ma quando riusciranno le Istituzioni preposte ad imporsi ai vertici Dipartimentali e far trasferire quei cinquanta\/ cento Poliziotti giovani necessari per affrontare tali necessita\u2019 territoriali? Solo e sempre a Milano ed a Roma ci sono le priorita\u2019?<\/p>\n<p>A seguito di mobilitazioni Sindacali con il S.A.P. sempre presente, si sono visti arrivare nelle ultime due stagioni dieci unita ministeriali nel periodo estivo, sufficienti soltanto a far respirare il personale del Commissariato di Gallipoli, ormai esausto.<\/p>\n<p>Ricordiamo inoltre, che lo stabile della Questura \u00e8 fatiscente, inadeguato; da anni denunciamo pubblicamente questa situazione, non credete che sia ora di muoversi?<\/p>\n<p>_____________________________________________<\/p>\n<p>Anche il CO.N.A.PO. di Lecce, per voce del Segretario <strong>Giancarlo Capoccia<\/strong>, protesta contro lo spreco continuo di denaro e gli ipotizzati tagli alle autopompe dei Vigili del Fuoco, salvaguardando invece poltrone c.d. perbene, e ritiene necessario provvedere all\u2019unificazione del Dipartimento di Pubblica Sicurezza con quello dei Vigili del Fuoco unificando i Comparti di contrattazione inserendo i pompieri in quello della sicurezza con lo stesso trattamento delle forze di polizia ad ordinamento civile.<\/p>\n<p>Inoltre, non ci stancheremo mai di evidenziare la cronica carenza di mezzi e la struttura obsoleta del Comando Provinciale Vigili del Fuoco di Lecce, problematica che da anni ha riempito i media e la stampa locale ma che a tutt\u2019oggi sembrano irrisolte, con conseguente retrocessione del sistema di soccorso per i cittadini.<\/p>\n<p>Per quanto sopra e per UN DIGNITOSO RINNOVO DEL CONTRATTO DI LAVORO<\/p>\n<p>&nbsp;<\/p>\n<p align=\"center\"><strong>\u00a0<\/strong><\/p>\n<fb:like href='https:\/\/www.leccecronaca.it\/index.php\/2015\/10\/13\/le-forze-dellordine-e-i-vigili-del-fuoco-leccesi-sono-in-difficolta\/' send='true' layout='button_count' show_faces='true' width='450' height='65' action='recommend' colorscheme='light' font='lucida grande'><\/fb:like><span class=\"fb_share\"><fb:like href=\"https:\/\/www.leccecronaca.it\/index.php\/2015\/10\/13\/le-forze-dellordine-e-i-vigili-del-fuoco-leccesi-sono-in-difficolta\/\" layout=\"button_count\"><\/fb:like><\/span>","protected":false},"excerpt":{"rendered":"<p>Riceviamo e volentieri pubblichiamo______ &#8220;Siamo sempre meno, con locali fatiscenti e Risorse insufficienti&#8221;. I Poliziotti ed i Vigili del Fuoco Leccesi denunciano ancora una volta alle Istituzioni la grave situazione in cui versa la sicurezza nella Provincia di Lecce e comunicano la partecipazione alla Manifestazione Nazionale a Roma del 15 Ottobre; Per quanto riguarda la [&hellip;]<\/p>\n","protected":false},"author":4,"featured_media":61611,"comment_status":"open","ping_status":"closed","sticky":false,"template":"","format":"standard","meta":[],"categories":[36],"tags":[],"_links":{"self":[{"href":"https:\/\/www.leccecronaca.it\/index.php\/wp-json\/wp\/v2\/posts\/61610"}],"collection":[{"href":"https:\/\/www.leccecronaca.it\/index.php\/wp-json\/wp\/v2\/posts"}],"about":[{"href":"https:\/\/www.leccecronaca.it\/index.php\/wp-json\/wp\/v2\/types\/post"}],"author":[{"embeddable":true,"href":"https:\/\/www.leccecronaca.it\/index.php\/wp-json\/wp\/v2\/users\/4"}],"replies":[{"embeddable":true,"href":"https:\/\/www.leccecronaca.it\/index.php\/wp-json\/wp\/v2\/comments?post=61610"}],"version-history":[{"count":4,"href":"https:\/\/www.leccecronaca.it\/index.php\/wp-json\/wp\/v2\/posts\/61610\/revisions"}],"predecessor-version":[{"id":61657,"href":"https:\/\/www.leccecronaca.it\/index.php\/wp-json\/wp\/v2\/posts\/61610\/revisions\/61657"}],"wp:featuredmedia":[{"embeddable":true,"href":"https:\/\/www.leccecronaca.it\/index.php\/wp-json\/wp\/v2\/media\/61611"}],"wp:attachment":[{"href":"https:\/\/www.leccecronaca.it\/index.php\/wp-json\/wp\/v2\/media?parent=61610"}],"wp:term":[{"taxonomy":"category","embeddable":true,"href":"https:\/\/www.leccecronaca.it\/index.php\/wp-json\/wp\/v2\/categories?post=61610"},{"taxonomy":"post_tag","embeddable":true,"href":"https:\/\/www.leccecronaca.it\/index.php\/wp-json\/wp\/v2\/tags?post=61610"}],"curies":[{"name":"wp","href":"https:\/\/api.w.org\/{rel}","templated":true}]}}