{"id":61629,"date":"2015-10-14T11:51:01","date_gmt":"2015-10-14T09:51:01","guid":{"rendered":"http:\/\/www.leccecronaca.it\/?p=61629"},"modified":"2015-10-14T12:51:20","modified_gmt":"2015-10-14T10:51:20","slug":"lecce-ancora-senza-ecocentri-i-cittadini-sono-disorientati-il-comune-non-puo-continuare-a-tacere-ogni-giorno-di-ritardo-genera-danni-ambientali-incalcolabili","status":"publish","type":"post","link":"https:\/\/www.leccecronaca.it\/index.php\/2015\/10\/14\/lecce-ancora-senza-ecocentri-i-cittadini-sono-disorientati-il-comune-non-puo-continuare-a-tacere-ogni-giorno-di-ritardo-genera-danni-ambientali-incalcolabili\/","title":{"rendered":"LECCE ANCORA SENZA ECOCENTRI"},"content":{"rendered":"<p style=\"text-align: left;\" align=\"center\"><img decoding=\"async\" loading=\"lazy\" src=\"https:\/\/www.leccecronaca.it\/wordpress\/wp-content\/uploads\/2015\/10\/ecocentro-300x255.png\" alt=\"\" title=\"ecocentro\" width=\"300\" height=\"255\" class=\"alignleft size-medium wp-image-61630\" srcset=\"https:\/\/www.leccecronaca.it\/wordpress\/wp-content\/uploads\/2015\/10\/ecocentro-300x255.png 300w, https:\/\/www.leccecronaca.it\/wordpress\/wp-content\/uploads\/2015\/10\/ecocentro.png 834w\" sizes=\"(max-width: 300px) 100vw, 300px\" \/>Riceviamo e volentieri pubblichiamo. Il presidente dell&#8217; Adoc di Lecce Alessandro Presicce ci scrive______<\/p>\n<p style=\"text-align: left;\" align=\"center\">&#8220;L&#8217; ecocentro&#8221; \u00e8 un elemento essenziale della filiera della raccolta differenziata, \u00e8 il luogo dove i cittadini possono conferire i rifiuti ingombranti, i rifiuti speciali ed insoliti che necessitano di un trattamento particolare per essere smaltiti o avviati al riciclo.<\/p>\n<p>Pensiamo alle lampadine, ai neon, alle pile, alle bombolette spray, al legno, ai rifiuti elettronici, alle batterie, agli oli esausti, agli sfalci di potatura, insomma a tutto quello che non pu\u00f2 essere inserito nei bidoncini casalinghi.<\/p>\n<p>La nostra Associazione aveva, gi\u00e0 a luglio scorso, segnalato che i tre ecocentri predisposti dalla Monteco sin da aprile non erano attivi.<\/p>\n<p>Ebbene a distanza di vari mesi, dobbiamo segnalare con estremo disappunto che a tutto&#8217;oggi, siamo alla met\u00e0 di ottobre, <strong>gli ecocentri sono ancora inattivi<\/strong>, rigorosamente sbarrati.<\/p>\n<p>All&#8217;epoca della prima inchiesta di Adoc, gli uffici comunali risposero che entro due mesi gli ecocenti sarebbero stati attivati, ma cos\u00ec non \u00e8 stato e per i cittadini il problema \u00e8 ancora irrisolto.<\/p>\n<p>Bisogna dire che <strong>ogni giorno di ritardo nell&#8217;attivazione produce o un inserimento di questi rifiuti nell&#8217;indifferenziato<\/strong>, con tutti i rischi ambientali e la perdita economica per la collettivit\u00e0 che ci\u00f2 comporta; <strong>o un abbandono dei rifiuti stessi in campagna<\/strong>, da parte di persone senza scrupoli che, invece di trattere il rifiuto in casa lo abbandonano dove capita.<\/p>\n<p>Pochi infatti sanno della possibilit\u00e0 di contattare Monteco al numero verde e spesso si sbarazzano del rifiuto nei modi pi\u00f9 diversi.<\/p>\n<p>Forse a Palazzo Carafa, all&#8217;Assessorato all&#8217;Ambiente, nessuno si rende conto che la situazione \u00e8 insostenibile ed che ogni giorno di ritardo genera diseconomie ed <strong>un problema ambientale serissimo<\/strong>, in alcuni casi irreversibile (si pensi ad esempio allo sversamento di oli esausti in luoghi inidonei o al fenomeno dell discariche abusive).<\/p>\n<p>Quanto sta succedendo \u00e8 molto grave e, dopo la prima segnalazione di luglio caduta nel vuoto, ora verr\u00e0 inviata da Adoc una vera e propria diffida al Sindaco affich\u00e9 usi tutti i suoi poteri amministrativi affinch\u00e9 con urgenza sia portata a soluzione questa incredibile situazione&#8221;.<\/p>\n<p>&nbsp;<\/p>\n<p>&nbsp;<\/p>\n<fb:like href='https:\/\/www.leccecronaca.it\/index.php\/2015\/10\/14\/lecce-ancora-senza-ecocentri-i-cittadini-sono-disorientati-il-comune-non-puo-continuare-a-tacere-ogni-giorno-di-ritardo-genera-danni-ambientali-incalcolabili\/' send='true' layout='button_count' show_faces='true' width='450' height='65' action='recommend' colorscheme='light' font='lucida grande'><\/fb:like><span class=\"fb_share\"><fb:like href=\"https:\/\/www.leccecronaca.it\/index.php\/2015\/10\/14\/lecce-ancora-senza-ecocentri-i-cittadini-sono-disorientati-il-comune-non-puo-continuare-a-tacere-ogni-giorno-di-ritardo-genera-danni-ambientali-incalcolabili\/\" layout=\"button_count\"><\/fb:like><\/span>","protected":false},"excerpt":{"rendered":"<p>Riceviamo e volentieri pubblichiamo. Il presidente dell&#8217; Adoc di Lecce Alessandro Presicce ci scrive______ &#8220;L&#8217; ecocentro&#8221; \u00e8 un elemento essenziale della filiera della raccolta differenziata, \u00e8 il luogo dove i cittadini possono conferire i rifiuti ingombranti, i rifiuti speciali ed insoliti che necessitano di un trattamento particolare per essere smaltiti o avviati al riciclo. Pensiamo [&hellip;]<\/p>\n","protected":false},"author":4,"featured_media":61630,"comment_status":"open","ping_status":"closed","sticky":false,"template":"","format":"standard","meta":[],"categories":[36],"tags":[],"_links":{"self":[{"href":"https:\/\/www.leccecronaca.it\/index.php\/wp-json\/wp\/v2\/posts\/61629"}],"collection":[{"href":"https:\/\/www.leccecronaca.it\/index.php\/wp-json\/wp\/v2\/posts"}],"about":[{"href":"https:\/\/www.leccecronaca.it\/index.php\/wp-json\/wp\/v2\/types\/post"}],"author":[{"embeddable":true,"href":"https:\/\/www.leccecronaca.it\/index.php\/wp-json\/wp\/v2\/users\/4"}],"replies":[{"embeddable":true,"href":"https:\/\/www.leccecronaca.it\/index.php\/wp-json\/wp\/v2\/comments?post=61629"}],"version-history":[{"count":5,"href":"https:\/\/www.leccecronaca.it\/index.php\/wp-json\/wp\/v2\/posts\/61629\/revisions"}],"predecessor-version":[{"id":61655,"href":"https:\/\/www.leccecronaca.it\/index.php\/wp-json\/wp\/v2\/posts\/61629\/revisions\/61655"}],"wp:featuredmedia":[{"embeddable":true,"href":"https:\/\/www.leccecronaca.it\/index.php\/wp-json\/wp\/v2\/media\/61630"}],"wp:attachment":[{"href":"https:\/\/www.leccecronaca.it\/index.php\/wp-json\/wp\/v2\/media?parent=61629"}],"wp:term":[{"taxonomy":"category","embeddable":true,"href":"https:\/\/www.leccecronaca.it\/index.php\/wp-json\/wp\/v2\/categories?post=61629"},{"taxonomy":"post_tag","embeddable":true,"href":"https:\/\/www.leccecronaca.it\/index.php\/wp-json\/wp\/v2\/tags?post=61629"}],"curies":[{"name":"wp","href":"https:\/\/api.w.org\/{rel}","templated":true}]}}