{"id":62034,"date":"2015-10-21T13:08:35","date_gmt":"2015-10-21T11:08:35","guid":{"rendered":"http:\/\/www.leccecronaca.it\/?p=62034"},"modified":"2015-10-22T23:00:14","modified_gmt":"2015-10-22T21:00:14","slug":"michele-emiliano-al-primo-tragico-fallimento","status":"publish","type":"post","link":"https:\/\/www.leccecronaca.it\/index.php\/2015\/10\/21\/michele-emiliano-al-primo-tragico-fallimento\/","title":{"rendered":"MICHELE EMILIANO AL PRIMO TRAGICO FALLIMENTO"},"content":{"rendered":"<p><img decoding=\"async\" loading=\"lazy\" width=\"960\" height=\"960\" title=\"11150895_10153967888233084_2095328104031675135_n\" class=\"alignleft size-full wp-image-62035\" alt=\"\" src=\"https:\/\/www.leccecronaca.it\/wordpress\/wp-content\/uploads\/2015\/10\/11150895_10153967888233084_2095328104031675135_n.jpg\" srcset=\"https:\/\/www.leccecronaca.it\/wordpress\/wp-content\/uploads\/2015\/10\/11150895_10153967888233084_2095328104031675135_n.jpg 960w, https:\/\/www.leccecronaca.it\/wordpress\/wp-content\/uploads\/2015\/10\/11150895_10153967888233084_2095328104031675135_n-150x150.jpg 150w, https:\/\/www.leccecronaca.it\/wordpress\/wp-content\/uploads\/2015\/10\/11150895_10153967888233084_2095328104031675135_n-300x300.jpg 300w\" sizes=\"(max-width: 960px) 100vw, 960px\" \/><\/p>\n<p>di <strong>Giuseppe Puppo<\/strong>______<\/p>\n<p>\u201c<em>Sputatemi in un occhio se far\u00f2 mai il presidente della Puglia. Prometto solennemente: non mi candider\u00f2 mai a quel posto<\/em>\u201d, aveva detto qualche anno fa, quando, in bilico fra le correnti del Pd, si preparava ad occupare la carica di segretario regionale del partito, mal celando le ambizioni personali.<\/p>\n<p>Infatti.<\/p>\n<p>I precedenti, insomma, non erano rassicuranti.<\/p>\n<p>La campagna elettorale della scorsa primavera era stata poi un&#8217; apoteosi di \u201c<em>solenni<\/em>\u201d promesse miracolistiche, per cui egli asseriva di avere in tasca la soluzione per i problemi dell&#8217; universo mondo, non solo della nostra regione, e pazienza se non collimavano con le direttive, con le decisioni, o, per meglio dire, con gli interessi del suo partito a livello nazionale, dalle trivelle in mare, al gasdotto.<\/p>\n<p>Codesto \u201cme ne frego\u201d di Renzi e di quant&#8217; altro e quant&#8217; altri, di una sinistra in palingenetica trasformazione, \u00e8 stato talmente ostentato per mesi interi, da risultare falso lontano un miglio, da far pensare subito, nella migliore delle ipotesi, a un velleitario superomismo dei poveri, a un gioco delle parti cinicamente concordato, nella peggiore.<\/p>\n<p>In entrambi i casi, una chiara spia che continuava ad accendersi, un campanello d&#8217; allarme che continuava a risuonare, che hanno accompagnato la cronaca di una vittoria elettorale annunciata, dai mass media locali e nazionali, in cui nessuno si \u00e8 accorto di nulla e nessuno ha avuto nulla da eccepire.<\/p>\n<p>I Pugliesi gli hanno creduto, lo hanno premiato, lo hanno eletto.<\/p>\n<p>***<\/p>\n<p>Ma adesso i nodi vengono al pettine, adesso il cerchio si stringe intorno ad Emiliano, adesso che deve risolvere i problemi con i fatti, non con le parole, pur contando sulle amnesie e il menefreghismo sostanziale degli elettori.<\/p>\n<p>\u201c<em>Quella ordinanza non \u00e8 attuabile. Non abbiamo l&#8217; energia n\u00e9 tecnica, n\u00e9 finanziaria, n\u00e9 la capacit\u00e0 di dimostrare che ciascuna pianta sia effettivamente infetta. Non abbiamo la possibilit\u00e0 di dare attuazione a quell&#8217; ordinanza. Quell&#8217; ordinanza \u00e8 un atto teorico. Rischiamo di abbattere ulivi secolari e di non fermare la progressione dell&#8217;infezione e se noi facciamo una stupidaggine di questo genere cio\u00e8 di devastare il nostro paesaggio senza neanche avere la possibilit\u00e0 di fermare il contagio, rischiamo di compromettere definitivamente la fiducia dei nostri agricoltori.<\/em><\/p>\n<p><em>Gli alberi sono importanti tanto quanto gli esseri umani<\/em>\u201d.<\/p>\n<p>Cos\u00ec parl\u00f2 Zarathustra, in campagna elettorale, assicurando di avere la soluzione e di essere pronto a tutto, per salvare i nostri ulivi, e fermare l&#8217; ordinanza della Europa, mettendo d&#8217; accordo i burocrati di Bruxelles con il suo amico e compagno di merende Maurizio Martina, ministro dell&#8217; agricoltura, allineato, insieme a tutto quanto il Pd, sulle folli direttive dell&#8217; eradicazione, che chiss\u00e0 quali interessi e quali speculazioni nascondono.<\/p>\n<p>Avevo fatto una scommessa con me stesso, e non chiedevo altro che di perdere. \u201cVedrai\u201d &#8211; mi ero detto &#8211; \u201cPoi si dimenticher\u00e0 di codeste parole, fra pochi mesi sar\u00e0 tutto dimenticato, e non far\u00e0 niente, dicendo che non \u00e8 colpa sua, che lo vogliono gli altri e che non pu\u00f2 opporsi, pur avendoci provato\u201d.<\/p>\n<p>Infatti.<\/p>\n<p>Ieri, luned\u00ec 19, in quel di Torchiarolo, \u00e8 cominciata la mattanza in grande stile (nella foto), \u00e8 partita la sistematica distruzione dei nostri ulivi, cio\u00e8 quelli \u201c<em>importanti tanto quanto gli esseri umani<\/em>\u201d: ne hanno uccisi novecento, senza costrutto, senza senso apparente, nonostante le proteste degli ambientalisti e le \u201cperplessit\u00e0\u201d, chiamiamole cos\u00ec, degli agricoltori, sani, e se minacciati da qualcosa, minacciati dalla vicina, distruttiva e devastante, centrale a carbone di Cerano.<\/p>\n<p>\u201c<em>Io non posso farci niente<\/em>\u201d, ha detto in merito adesso Michele Emiliano. Una balla colossale. Gli uomini e i mezzi del massacro sono della Regione, di quell&#8217; agenzia per entrare a libro paga della quale bisognava votare scrivendo sotto al simbolo (del Pd) la preferenza \u201cS. Blasi\u201d, oppure \u201cBlasi S.\u201d.<\/p>\n<p>Ieri Michele Emiliano ha fatto registrare il suo primo, smisurato, e pur drammatico fallimento.<\/p>\n<p>Diciamo primo in senso puramente numerale, augurandoci che non ce ne siano altri, in altri settori, altrettanto importanti, di quelli che aveva risolto a parole in campagna elettorale, ma che ora dovr\u00e0 risolvere nei fatti, come invece temiamo che non riuscir\u00e0 fare, e sia chiaro che vogliamo sbagliarci e aspettiamo di esse smentii: sull&#8217; Ilva, come sulla Tap.<\/p>\n<p>Ma intanto ieri \u00e8 stato un tragico fallimento per Michele Emiliano.<\/p>\n<p>Ieri \u00e8 stato pure il massacro dell&#8217; impegno civile, della partecipazione popolare, delle ragioni della ragione. Sto pensando al popolo degli ulivi, a quelli che in questi mesi sono stati insonni di notte a presidiare le campagne, contro l&#8217; assalto delle truppe del generale Silletti e sono passati da un campo all&#8217; altro, da un&#8217; alba all&#8217; altra; a quelli che hanno scritto, ricercato, documentato, sulla follia dell&#8217; operazione abbattimento degli ulivi col pretesto della xylella; a quelli che sono andati ai raduni, alle adunanze, ai convegni.<\/p>\n<p>Rimane la rabbia, lo sconforto, ma pure l&#8217; orgoglio e il merito di tutti questi di stare combattendo una battaglia di civilt\u00e0.<\/p>\n<p>Tutto inutile? Grazie a Michele Emiliano, grazie al Pd.<\/p>\n<p>Sapremo ricordarcene?<\/p>\n<p>Sappiamo oramai che il Pd \u201c<em>a prescindere \u00e8 schierato con il business e i grandi patrimoni. Questa \u00e8 l&#8217;unica cosa a prescindere che si vede<\/em>&#8220;.<\/p>\n<p>Non l&#8217; ha\u00a0scritto un giornalista avverso, non l&#8217; ha detto un avversario politico. L&#8217; ha dichiarato ieri, \u00a0in polemica con il suo segretario, il deputato del Pd Alfredo D&#8217; Attorre.<\/p>\n<p>A Torchiarolo, sempre ieri, con il massacro degli ulivi salentini, voluto dagli affaristi, dai lobbisti, dagli speculatori dei grandi patrimoni, infatti, l&#8217; abbiamo visto chiaramente.<\/p>\n<p><img decoding=\"async\" loading=\"lazy\" width=\"960\" height=\"720\" title=\"ulivo abbattuto 2 meglio\" class=\"alignleft size-full wp-image-62037\" alt=\"\" src=\"https:\/\/www.leccecronaca.it\/wordpress\/wp-content\/uploads\/2015\/10\/ulivo-abbattuto-2-meglio.jpg\" srcset=\"https:\/\/www.leccecronaca.it\/wordpress\/wp-content\/uploads\/2015\/10\/ulivo-abbattuto-2-meglio.jpg 960w, https:\/\/www.leccecronaca.it\/wordpress\/wp-content\/uploads\/2015\/10\/ulivo-abbattuto-2-meglio-300x225.jpg 300w\" sizes=\"(max-width: 960px) 100vw, 960px\" \/><\/p>\n<p>&nbsp;<\/p>\n<p>&nbsp;<\/p>\n<p>&nbsp;<\/p>\n<p>&nbsp;<\/p>\n<p>&nbsp;<\/p>\n<p>&nbsp;<\/p>\n<p>&nbsp;<\/p>\n<p>&nbsp;<\/p>\n<p>&nbsp;<\/p>\n<p>&nbsp;<\/p>\n<p>&nbsp;<\/p>\n<p>&nbsp;<\/p>\n<p>&nbsp;<\/p>\n<p>&nbsp;<\/p>\n<p>&nbsp;<\/p>\n<p>&nbsp;<\/p>\n<p>&nbsp;<\/p>\n<p>&nbsp;<\/p>\n<fb:like href='https:\/\/www.leccecronaca.it\/index.php\/2015\/10\/21\/michele-emiliano-al-primo-tragico-fallimento\/' send='true' layout='button_count' show_faces='true' width='450' height='65' action='recommend' colorscheme='light' font='lucida grande'><\/fb:like><span class=\"fb_share\"><fb:like href=\"https:\/\/www.leccecronaca.it\/index.php\/2015\/10\/21\/michele-emiliano-al-primo-tragico-fallimento\/\" layout=\"button_count\"><\/fb:like><\/span>","protected":false},"excerpt":{"rendered":"<p>di Giuseppe Puppo______ \u201cSputatemi in un occhio se far\u00f2 mai il presidente della Puglia. Prometto solennemente: non mi candider\u00f2 mai a quel posto\u201d, aveva detto qualche anno fa, quando, in bilico fra le correnti del Pd, si preparava ad occupare la carica di segretario regionale del partito, mal celando le ambizioni personali. Infatti. I precedenti, [&hellip;]<\/p>\n","protected":false},"author":4,"featured_media":62035,"comment_status":"open","ping_status":"closed","sticky":false,"template":"","format":"standard","meta":[],"categories":[1,76],"tags":[],"_links":{"self":[{"href":"https:\/\/www.leccecronaca.it\/index.php\/wp-json\/wp\/v2\/posts\/62034"}],"collection":[{"href":"https:\/\/www.leccecronaca.it\/index.php\/wp-json\/wp\/v2\/posts"}],"about":[{"href":"https:\/\/www.leccecronaca.it\/index.php\/wp-json\/wp\/v2\/types\/post"}],"author":[{"embeddable":true,"href":"https:\/\/www.leccecronaca.it\/index.php\/wp-json\/wp\/v2\/users\/4"}],"replies":[{"embeddable":true,"href":"https:\/\/www.leccecronaca.it\/index.php\/wp-json\/wp\/v2\/comments?post=62034"}],"version-history":[{"count":6,"href":"https:\/\/www.leccecronaca.it\/index.php\/wp-json\/wp\/v2\/posts\/62034\/revisions"}],"predecessor-version":[{"id":62204,"href":"https:\/\/www.leccecronaca.it\/index.php\/wp-json\/wp\/v2\/posts\/62034\/revisions\/62204"}],"wp:featuredmedia":[{"embeddable":true,"href":"https:\/\/www.leccecronaca.it\/index.php\/wp-json\/wp\/v2\/media\/62035"}],"wp:attachment":[{"href":"https:\/\/www.leccecronaca.it\/index.php\/wp-json\/wp\/v2\/media?parent=62034"}],"wp:term":[{"taxonomy":"category","embeddable":true,"href":"https:\/\/www.leccecronaca.it\/index.php\/wp-json\/wp\/v2\/categories?post=62034"},{"taxonomy":"post_tag","embeddable":true,"href":"https:\/\/www.leccecronaca.it\/index.php\/wp-json\/wp\/v2\/tags?post=62034"}],"curies":[{"name":"wp","href":"https:\/\/api.w.org\/{rel}","templated":true}]}}