{"id":62075,"date":"2015-10-21T13:05:02","date_gmt":"2015-10-21T11:05:02","guid":{"rendered":"http:\/\/www.leccecronaca.it\/?p=62075"},"modified":"2015-10-21T13:12:55","modified_gmt":"2015-10-21T11:12:55","slug":"disobbedire-e-autodeterminarsi-ecco-pensieri-e-parole-dell-protesta","status":"publish","type":"post","link":"https:\/\/www.leccecronaca.it\/index.php\/2015\/10\/21\/disobbedire-e-autodeterminarsi-ecco-pensieri-e-parole-dell-protesta\/","title":{"rendered":"&#8220;Disobbedire e autodeterminarsi&#8221;&#8230;&#8221;Non fare niente \u00e8 diventare complici&#8221;&#8230;ECCO PENSIERI E PAROLE DELLA PROTESTA DEL &#8216;POPOLO DEGLI ULIVI&#8217;"},"content":{"rendered":"<p><img decoding=\"async\" loading=\"lazy\" width=\"960\" height=\"720\" title=\"u1\" class=\"alignleft size-full wp-image-62076\" alt=\"\" src=\"https:\/\/www.leccecronaca.it\/wordpress\/wp-content\/uploads\/2015\/10\/u1.jpg\" srcset=\"https:\/\/www.leccecronaca.it\/wordpress\/wp-content\/uploads\/2015\/10\/u1.jpg 960w, https:\/\/www.leccecronaca.it\/wordpress\/wp-content\/uploads\/2015\/10\/u1-300x225.jpg 300w\" sizes=\"(max-width: 960px) 100vw, 960px\" \/>(Rdl)______Le ragioni della protesta di questa mattina, le ragioni della ragione, passano via internet. Sui social network in queste ultime ore\u00a0si trovano\u00a0le parole del dolore e dello sconforto, le immagini di foto e video dei massacri delle piante. C&#8217;\u00e8 chi si fa fotografare mentre pianta un nuovo\u00a0alberello di ulivo, in aperto segno di sfida. C&#8217;\u00e8 chi si associa agli striscioni, come quello che, appeso a un cavalcavia, grida al mondo l&#8217; assurdit\u00e0 di quanto sta avvenendo a opera di irresponsabili esecutori\u00a0e di inconfessabili mandanti: &#8220;La xylella an capu la teniti!&#8221;.<\/p>\n<p>Scrive, per esempio,<strong> Gianfranco Cannoletta<\/strong>, a margine di un filmato che documenta quanto successo nelle campagne di Torchiarolo: &#8220;<em>Immagini forti&#8230; Non fare niente \u00e8 diventare complici.<\/em><\/p>\n<p><em>Complice di un assassinio vero, devo avere il &#8220;coraggio&#8221; di arrivare alla fine di questo video, non \u00e8 lungo, e fermarmi.\u00a0Mi rivedo seduto all&#8217;ombra di questi alberi, in compagnia di tanti uomini e donne che gli hanno curati e amati, di mia nonna che mi passa la &#8216;friseddhra cu lu pomodoru (sulu lu riddhru) e l&#8217;olio&#8217; (il loro nettare) durante la pausa per la raccolta delle olive. Ero piccolo, faceva freddo, ma eravamo in simbiosi con loro. Un po&#8217; di vento e li sentivi parlare, interagire con noi, erano felici. Eravamo felici.\u00a0Perdono e&#8230; un po&#8217; mi vergogno, anche per voi<\/em>!&#8221;.<\/p>\n<p><strong>Nettuno Rix Andrea<\/strong>, sotto alcune immagini dello strazio degli alberi: &#8220;<em>Hanno provato a difenderli, C&#8217;era una volta&#8230;l&#8217;ulivo. Forse un domani rester\u00e0 solo una storia da raccontare, mentre oggi d&#8217;avanti l&#8217;indifferenza del popolo, c&#8217;\u00e8 chi continua a spogliarci dalla nostra identit\u00e0. Grazie Siletti, grazie Tormaresca, grazie gente&#8221;.<\/em><\/p>\n<p>Le eradicazioni appaiono ingiustificabili, se non esecrabili. Si cercano e si propongono altre soluzioni. Si indulge allo sconforto, si cede alla rabbia. Si alternano\u00a0con tali gradazioni\u00a0\u00a0post, commenti, prese di posizione, testimonianze.<\/p>\n<p>Il consigliere regionale del M5S <strong>Cristian Casili<\/strong> (sue le immagini che pubblichiamo)\u00a0\u00e8 andato in zona, nei pressi di San Pietro Vernotico, a constatare di persona quanto successo, che ha poi commentato: &#8220;<em>Disobbedire e autodeterminarsi. Ulivi centenari, sotto i colpi di una ignobile ruspa, cadono a terra come fuscelli. Senza dignit\u00e0. Poco pi\u00f9 di due minuti a pianta. Uno, due, tre colpi e l\u2019albero, sradicato, si accascia al suolo e con esso la storia di un popolo che nell\u2019ulivo si identifica, si racconta e celebra la sua territorialit\u00e0. Uno schizofrenico piano degli interventi cancella secoli di storia. Si estirpano in tutta fretta piante sane cariche di frutto. <\/em><\/p>\n<p><em>Dicono di aver trovato otto ulivi infetti in questo campo. E per questi 8 ulivi, disposti con impressionante precisione geometrica su 86.970,00 mq, ne buttano gi\u00f9 900 sani. Vale la regola di estirpare tutto nel raggio di 100 metri intorno ad ogni singola pianta trovata infetta. Una bestemmia! Quanta becera ipocrisia! <\/em><\/p>\n<p><em>Una societ\u00e0 che fonda la sua struttura territoriale sull\u2019olivo non pu\u00f2 subire queste scellerate azioni. <\/em><\/p>\n<p><em>Questo batterio non ha pi\u00f9 confini e chi eradica oggi \u00e8 in malafede. <\/em><\/p>\n<p><em>Difendere l\u2019ulivo vuol dire difendere l\u2019ambiente di vita di un popolo che non pu\u00f2 essere subordinato alle meschine prescrizioni di un piano che non tiene conto della primariet\u00e0 del valore storico, culturale e paesaggistico dell\u2019ulivo calpestando l\u2019 articolo 9 della nostra Costituzione. Siamo chiamati a difendere il prodotto millenario di un \u201cprogetto collettivo\u201d di una comunit\u00e0, di un popolo che con sudore, arte e cultura ci ha restituito un patrimonio che non ha eguali nel mondo<\/em>&#8220;.<\/p>\n<p><img decoding=\"async\" loading=\"lazy\" width=\"960\" height=\"720\" title=\"u2\" class=\"alignleft size-full wp-image-62077\" alt=\"\" src=\"https:\/\/www.leccecronaca.it\/wordpress\/wp-content\/uploads\/2015\/10\/u2.jpg\" srcset=\"https:\/\/www.leccecronaca.it\/wordpress\/wp-content\/uploads\/2015\/10\/u2.jpg 960w, https:\/\/www.leccecronaca.it\/wordpress\/wp-content\/uploads\/2015\/10\/u2-300x225.jpg 300w\" sizes=\"(max-width: 960px) 100vw, 960px\" \/><img decoding=\"async\" loading=\"lazy\" width=\"960\" height=\"720\" title=\"u3\" class=\"alignleft size-full wp-image-62078\" alt=\"\" src=\"https:\/\/www.leccecronaca.it\/wordpress\/wp-content\/uploads\/2015\/10\/u3.jpg\" srcset=\"https:\/\/www.leccecronaca.it\/wordpress\/wp-content\/uploads\/2015\/10\/u3.jpg 960w, https:\/\/www.leccecronaca.it\/wordpress\/wp-content\/uploads\/2015\/10\/u3-300x225.jpg 300w\" sizes=\"(max-width: 960px) 100vw, 960px\" \/><img decoding=\"async\" loading=\"lazy\" width=\"960\" height=\"720\" title=\"u4\" class=\"alignleft size-full wp-image-62079\" alt=\"\" src=\"https:\/\/www.leccecronaca.it\/wordpress\/wp-content\/uploads\/2015\/10\/u4.jpg\" srcset=\"https:\/\/www.leccecronaca.it\/wordpress\/wp-content\/uploads\/2015\/10\/u4.jpg 960w, https:\/\/www.leccecronaca.it\/wordpress\/wp-content\/uploads\/2015\/10\/u4-300x225.jpg 300w\" sizes=\"(max-width: 960px) 100vw, 960px\" \/><img decoding=\"async\" loading=\"lazy\" width=\"960\" height=\"720\" title=\"u6\" class=\"alignleft size-full wp-image-62080\" alt=\"\" src=\"https:\/\/www.leccecronaca.it\/wordpress\/wp-content\/uploads\/2015\/10\/u6.jpg\" srcset=\"https:\/\/www.leccecronaca.it\/wordpress\/wp-content\/uploads\/2015\/10\/u6.jpg 960w, https:\/\/www.leccecronaca.it\/wordpress\/wp-content\/uploads\/2015\/10\/u6-300x225.jpg 300w\" sizes=\"(max-width: 960px) 100vw, 960px\" \/><\/p>\n<p>&nbsp;<\/p>\n<p>&nbsp;<\/p>\n<fb:like href='https:\/\/www.leccecronaca.it\/index.php\/2015\/10\/21\/disobbedire-e-autodeterminarsi-ecco-pensieri-e-parole-dell-protesta\/' send='true' layout='button_count' show_faces='true' width='450' height='65' action='recommend' colorscheme='light' font='lucida grande'><\/fb:like><span class=\"fb_share\"><fb:like href=\"https:\/\/www.leccecronaca.it\/index.php\/2015\/10\/21\/disobbedire-e-autodeterminarsi-ecco-pensieri-e-parole-dell-protesta\/\" layout=\"button_count\"><\/fb:like><\/span>","protected":false},"excerpt":{"rendered":"<p>(Rdl)______Le ragioni della protesta di questa mattina, le ragioni della ragione, passano via internet. Sui social network in queste ultime ore\u00a0si trovano\u00a0le parole del dolore e dello sconforto, le immagini di foto e video dei massacri delle piante. C&#8217;\u00e8 chi si fa fotografare mentre pianta un nuovo\u00a0alberello di ulivo, in aperto segno di sfida. C&#8217;\u00e8 [&hellip;]<\/p>\n","protected":false},"author":4,"featured_media":62076,"comment_status":"open","ping_status":"closed","sticky":false,"template":"","format":"standard","meta":[],"categories":[69],"tags":[],"_links":{"self":[{"href":"https:\/\/www.leccecronaca.it\/index.php\/wp-json\/wp\/v2\/posts\/62075"}],"collection":[{"href":"https:\/\/www.leccecronaca.it\/index.php\/wp-json\/wp\/v2\/posts"}],"about":[{"href":"https:\/\/www.leccecronaca.it\/index.php\/wp-json\/wp\/v2\/types\/post"}],"author":[{"embeddable":true,"href":"https:\/\/www.leccecronaca.it\/index.php\/wp-json\/wp\/v2\/users\/4"}],"replies":[{"embeddable":true,"href":"https:\/\/www.leccecronaca.it\/index.php\/wp-json\/wp\/v2\/comments?post=62075"}],"version-history":[{"count":5,"href":"https:\/\/www.leccecronaca.it\/index.php\/wp-json\/wp\/v2\/posts\/62075\/revisions"}],"predecessor-version":[{"id":62082,"href":"https:\/\/www.leccecronaca.it\/index.php\/wp-json\/wp\/v2\/posts\/62075\/revisions\/62082"}],"wp:featuredmedia":[{"embeddable":true,"href":"https:\/\/www.leccecronaca.it\/index.php\/wp-json\/wp\/v2\/media\/62076"}],"wp:attachment":[{"href":"https:\/\/www.leccecronaca.it\/index.php\/wp-json\/wp\/v2\/media?parent=62075"}],"wp:term":[{"taxonomy":"category","embeddable":true,"href":"https:\/\/www.leccecronaca.it\/index.php\/wp-json\/wp\/v2\/categories?post=62075"},{"taxonomy":"post_tag","embeddable":true,"href":"https:\/\/www.leccecronaca.it\/index.php\/wp-json\/wp\/v2\/tags?post=62075"}],"curies":[{"name":"wp","href":"https:\/\/api.w.org\/{rel}","templated":true}]}}