{"id":62249,"date":"2015-10-23T14:07:10","date_gmt":"2015-10-23T12:07:10","guid":{"rendered":"http:\/\/www.leccecronaca.it\/?p=62249"},"modified":"2015-10-23T14:24:30","modified_gmt":"2015-10-23T12:24:30","slug":"la-spending-review-del-governo-ha-pesantemente-colpito-le-politiche-sociali-i-volontari-dell-associazione-anteas-tutti-i-giorni-al-vito-fazzi","status":"publish","type":"post","link":"https:\/\/www.leccecronaca.it\/index.php\/2015\/10\/23\/la-spending-review-del-governo-ha-pesantemente-colpito-le-politiche-sociali-i-volontari-dell-associazione-anteas-tutti-i-giorni-al-vito-fazzi\/","title":{"rendered":"&#8220;La spending review del governo ha pesantemente colpito le politiche sociali&#8221; &#8211; I VOLONTARI DELL&#8217; ASSOCIAZIONE &#8216;ANTEAS&#8217;  TUTTI I GIORNI AL &#8216;VITO FAZZI&#8217;"},"content":{"rendered":"<p><img decoding=\"async\" loading=\"lazy\" width=\"800\" height=\"600\" title=\"3118_1news_g\" class=\"alignleft size-full wp-image-62250\" alt=\"\" src=\"https:\/\/www.leccecronaca.it\/wordpress\/wp-content\/uploads\/2015\/10\/3118_1news_g.jpg\" srcset=\"https:\/\/www.leccecronaca.it\/wordpress\/wp-content\/uploads\/2015\/10\/3118_1news_g.jpg 800w, https:\/\/www.leccecronaca.it\/wordpress\/wp-content\/uploads\/2015\/10\/3118_1news_g-300x225.jpg 300w\" sizes=\"(max-width: 800px) 100vw, 800px\" \/>Riceviamo e volentieri pubblichiamo. Da Lecce, Cecilia Leo, per segnalarci e commentarci un&#8217; iniziativa dal mondo del volontariato, ci scrive quanto segue______<\/p>\n<p>&#8220;Per sopperire alla mancanza di personale che era da ausilio a persone costrette su carrozzina, \u00a0arriva un\u2019 iniziativa a cura di Anteas, l\u2019associazione nazionale di tutte le attivit\u00e0 per la solidariet\u00e0. Parte infatti, il servizio, affidato ai volontari di Anteas, che ogni giorno dalle 8 alle 19, attraverso una turnazione, saranno al presidio ospedaliero &#8216;Vito Fazzi&#8217; di Lecce, a completamente disposizione dei pazienti che sono costretti su una sedia a rotelle, o che hanno necessit\u00e0 di utilizzare temporaneamente presidi ortopedici all\u2019interno del nosocomio.<\/p>\n<p>Precedentemente questo servizio era offerto dal personale dell\u2019ospedale leccese solo dalle 9 alle 12, ma a causa della pesante spending review che ha colpito tutti i settori, andando ad inficiare in toto la qualit\u00e0 delle politiche sociali, anche questo servizio \u00e8 stato eliminato perch\u00e9 considerato particolarmente oneroso. In questo modo l\u2019iniziativa di volontariato di Anteas ha voluto lanciare un messaggio tangibile del significato di pubblica assistenza e di presenza sul territorio.<\/p>\n<p>Ada Chirizzi (nella foto), della segreteria provinciale della Cisl, ha cos\u00ec commentato l&#8217; iniziativa dell&#8217; associazione:<\/p>\n<p>\u201c<em>Il terzo settore occupa dei segmenti che la pubblica amministrazione \u00a0ormai lascia vuoti. La Cisl, con Anteas, diventa sentinella dei reali bisogni del territori e sviluppa una serie di azioni atte a colmare quei vuoti che non vengono pi\u00f9 soddisfatti dalla sanit\u00e0 pubblica per ragioni economiche. Queste fragilit\u00e0 non possono restare scoperte e soprattutto non possono lasciare le persone prive dei bisogni primari ed essenziali di cui necessitano. Ecco perch\u00e9 attraverso il terzo settore e grazie all\u2019impegno e alla dedizione di tanti volontari che gratuitamente impiegano il loro tempo per aiutare chi ne ha bisogno riusciamo a non trascurare la diversa abilit\u00e0, andando, anzi, a tamponare i vuoti lasciato dallo Stato<\/em>&#8220;.<\/p>\n<p>&nbsp;<\/p>\n<p>&nbsp;<\/p>\n<p>&nbsp;<\/p>\n<p>&nbsp;<\/p>\n<fb:like href='https:\/\/www.leccecronaca.it\/index.php\/2015\/10\/23\/la-spending-review-del-governo-ha-pesantemente-colpito-le-politiche-sociali-i-volontari-dell-associazione-anteas-tutti-i-giorni-al-vito-fazzi\/' send='true' layout='button_count' show_faces='true' width='450' height='65' action='recommend' colorscheme='light' font='lucida grande'><\/fb:like><span class=\"fb_share\"><fb:like href=\"https:\/\/www.leccecronaca.it\/index.php\/2015\/10\/23\/la-spending-review-del-governo-ha-pesantemente-colpito-le-politiche-sociali-i-volontari-dell-associazione-anteas-tutti-i-giorni-al-vito-fazzi\/\" layout=\"button_count\"><\/fb:like><\/span>","protected":false},"excerpt":{"rendered":"<p>Riceviamo e volentieri pubblichiamo. Da Lecce, Cecilia Leo, per segnalarci e commentarci un&#8217; iniziativa dal mondo del volontariato, ci scrive quanto segue______ &#8220;Per sopperire alla mancanza di personale che era da ausilio a persone costrette su carrozzina, \u00a0arriva un\u2019 iniziativa a cura di Anteas, l\u2019associazione nazionale di tutte le attivit\u00e0 per la solidariet\u00e0. Parte infatti, [&hellip;]<\/p>\n","protected":false},"author":4,"featured_media":62250,"comment_status":"open","ping_status":"closed","sticky":false,"template":"","format":"standard","meta":[],"categories":[36],"tags":[],"_links":{"self":[{"href":"https:\/\/www.leccecronaca.it\/index.php\/wp-json\/wp\/v2\/posts\/62249"}],"collection":[{"href":"https:\/\/www.leccecronaca.it\/index.php\/wp-json\/wp\/v2\/posts"}],"about":[{"href":"https:\/\/www.leccecronaca.it\/index.php\/wp-json\/wp\/v2\/types\/post"}],"author":[{"embeddable":true,"href":"https:\/\/www.leccecronaca.it\/index.php\/wp-json\/wp\/v2\/users\/4"}],"replies":[{"embeddable":true,"href":"https:\/\/www.leccecronaca.it\/index.php\/wp-json\/wp\/v2\/comments?post=62249"}],"version-history":[{"count":3,"href":"https:\/\/www.leccecronaca.it\/index.php\/wp-json\/wp\/v2\/posts\/62249\/revisions"}],"predecessor-version":[{"id":62252,"href":"https:\/\/www.leccecronaca.it\/index.php\/wp-json\/wp\/v2\/posts\/62249\/revisions\/62252"}],"wp:featuredmedia":[{"embeddable":true,"href":"https:\/\/www.leccecronaca.it\/index.php\/wp-json\/wp\/v2\/media\/62250"}],"wp:attachment":[{"href":"https:\/\/www.leccecronaca.it\/index.php\/wp-json\/wp\/v2\/media?parent=62249"}],"wp:term":[{"taxonomy":"category","embeddable":true,"href":"https:\/\/www.leccecronaca.it\/index.php\/wp-json\/wp\/v2\/categories?post=62249"},{"taxonomy":"post_tag","embeddable":true,"href":"https:\/\/www.leccecronaca.it\/index.php\/wp-json\/wp\/v2\/tags?post=62249"}],"curies":[{"name":"wp","href":"https:\/\/api.w.org\/{rel}","templated":true}]}}