{"id":62654,"date":"2015-10-26T09:01:55","date_gmt":"2015-10-26T08:01:55","guid":{"rendered":"http:\/\/www.leccecronaca.it\/?p=62654"},"modified":"2015-10-26T16:52:22","modified_gmt":"2015-10-26T15:52:22","slug":"richiesti-nuovi-locali-comunali-per-le-associazioni","status":"publish","type":"post","link":"https:\/\/www.leccecronaca.it\/index.php\/2015\/10\/26\/richiesti-nuovi-locali-comunali-per-le-associazioni\/","title":{"rendered":"RICHIESTI NUOVI LOCALI COMUNALI PER LE ASSOCIAZIONI"},"content":{"rendered":"<p><img decoding=\"async\" loading=\"lazy\" width=\"259\" height=\"194\" title=\"untitled\" class=\"alignright size-full wp-image-62655\" alt=\"\" src=\"https:\/\/www.leccecronaca.it\/wordpress\/wp-content\/uploads\/2015\/10\/untitled.png\" \/>Riceviamo e volentieri pubblichiamo. Gabriele Molendini, di &#8220;Lecce citt\u00e0 pubblica&#8221;, ci scrive______<\/p>\n<p>&#8220;<em>La Casa delle associazioni \u00e8 nata per fornire una sede o un punto d\u2019appoggio alle associazioni iscritte all\u2019albo comunale che per tipologia, dimensione o ridotta capacit\u00e0 economica non sono in grado di gestire una sede autonoma. Alla base dell\u2019investimento sta il riconoscimento del ruolo prezioso che le associazioni rivestono per la comunit\u00e0: dalla promozione della cultura e dello sport, fino ai valori dell\u2019integrazione e del rispetto per l\u2019altro. Alle associazioni viene chiesto di partecipare alle spese di gestione della sede in misura proporzionale all\u2019utilizzo<\/em>&#8220;.<\/p>\n<p>Vorremmo che queste parole descrivessero la Casa delle Associazioni della citt\u00e0 di Lecce. Purtroppo si tratta della citt\u00e0 di Piacenza, che come Rimini, Modena, Milano e tante altre citt\u00e0 italiane ha voluto concedere uno spazio (nella foto, <strong>ndr<\/strong>)\u00a0in cui associazioni spesso prive di mezzi trovassero un luogo per svolgere le loro attivit\u00e0, per riunirsi, per incontrare la citt\u00e0 con iniziative culturali, sociali, aggregative.<\/p>\n<p>Democrazia partecipata se non vuol essere una vuota enunciazione deve costituire il lievito per la crescita del mondo dell\u2019associazionismo, spesso carente di risorse economiche ma ricco di fermenti culturali, sociali, politici, sportivi. Fermenti che consentono a una comunit\u00e0 di crescere, confrontarsi, arricchirsi.<\/p>\n<p>Gi\u00e0 tempo addietro avevamo proposto all\u2019amministrazione comunale di Lecce di individuare uno spazio da destinare a tutte le associazioni. Non abbiamo finora avuto grande ascolto. Tuttavia oggi crediamo sia il momento di porre pubblicamente la questione. Pensiamo sia giusto e opportuno che l\u2019amministrazione di questa citt\u00e0 consideri un investimento sociale, culturale e politico, nel senso pi\u00f9 alto del termine, destinare uno spazio, individuato nel patrimonio immobiliare comunale, alla Casa delle Associazioni.<\/p>\n<p>In particolare oggi risulta improcrastinabile abbandonare la logica delle concessioni in uso ad associazioni in assenza di qualsiasi criterio oggettivo e di regole trasparenti.<\/p>\n<p>Ad oggi solo alcune associazioni privilegiate hanno goduto dell\u2019opportunit\u00e0 di usufruire di una sede in locali di propriet\u00e0 comunale. La maggior parte di esse ha dovuto invece arrendersi all\u2019impossibilit\u00e0 di riferirsi a regole certe e trasparenti che favorissero la logistica delle associazioni cittadine. Al contempo si \u00e8 assistito, con la pi\u00f9 ingiustificata discrezionalit\u00e0, a un ingente spreco di risorse pubbliche con sedi disseminate e utenze a carico delle casse comunali.<\/p>\n<p>Lecce Citt\u00e0 Pubblica riproporr\u00e0 in Consiglio Comunale una mozione per dar vita alla \u201cCasa delle Associazioni\u201d: un unico immobile di cui le associazioni iscritte nel registro comunale possano usufruire per incontrarsi, dar vita ad attivit\u00e0 sociali, pubbliche riunioni, turnando nell\u2019utilizzo delle sale e di uno spazio idoneo a pubblici incontri. Le stesse associazioni potranno contribuire alle spese di funzionamento in proporzione al loro utilizzo. Una svolta per il Comune di Lecce nel segno della partecipazione, della trasparenza e della razionalizzazione delle risorse e riduzione degli sprechi.<\/p>\n<p>&nbsp;<\/p>\n<p>&nbsp;<\/p>\n<p>&nbsp;<\/p>\n<p>&nbsp;<\/p>\n<fb:like href='https:\/\/www.leccecronaca.it\/index.php\/2015\/10\/26\/richiesti-nuovi-locali-comunali-per-le-associazioni\/' send='true' layout='button_count' show_faces='true' width='450' height='65' action='recommend' colorscheme='light' font='lucida grande'><\/fb:like><span class=\"fb_share\"><fb:like href=\"https:\/\/www.leccecronaca.it\/index.php\/2015\/10\/26\/richiesti-nuovi-locali-comunali-per-le-associazioni\/\" layout=\"button_count\"><\/fb:like><\/span>","protected":false},"excerpt":{"rendered":"<p>Riceviamo e volentieri pubblichiamo. Gabriele Molendini, di &#8220;Lecce citt\u00e0 pubblica&#8221;, ci scrive______ &#8220;La Casa delle associazioni \u00e8 nata per fornire una sede o un punto d\u2019appoggio alle associazioni iscritte all\u2019albo comunale che per tipologia, dimensione o ridotta capacit\u00e0 economica non sono in grado di gestire una sede autonoma. Alla base dell\u2019investimento sta il riconoscimento del [&hellip;]<\/p>\n","protected":false},"author":4,"featured_media":62655,"comment_status":"open","ping_status":"closed","sticky":false,"template":"","format":"standard","meta":[],"categories":[36],"tags":[],"_links":{"self":[{"href":"https:\/\/www.leccecronaca.it\/index.php\/wp-json\/wp\/v2\/posts\/62654"}],"collection":[{"href":"https:\/\/www.leccecronaca.it\/index.php\/wp-json\/wp\/v2\/posts"}],"about":[{"href":"https:\/\/www.leccecronaca.it\/index.php\/wp-json\/wp\/v2\/types\/post"}],"author":[{"embeddable":true,"href":"https:\/\/www.leccecronaca.it\/index.php\/wp-json\/wp\/v2\/users\/4"}],"replies":[{"embeddable":true,"href":"https:\/\/www.leccecronaca.it\/index.php\/wp-json\/wp\/v2\/comments?post=62654"}],"version-history":[{"count":3,"href":"https:\/\/www.leccecronaca.it\/index.php\/wp-json\/wp\/v2\/posts\/62654\/revisions"}],"predecessor-version":[{"id":62657,"href":"https:\/\/www.leccecronaca.it\/index.php\/wp-json\/wp\/v2\/posts\/62654\/revisions\/62657"}],"wp:featuredmedia":[{"embeddable":true,"href":"https:\/\/www.leccecronaca.it\/index.php\/wp-json\/wp\/v2\/media\/62655"}],"wp:attachment":[{"href":"https:\/\/www.leccecronaca.it\/index.php\/wp-json\/wp\/v2\/media?parent=62654"}],"wp:term":[{"taxonomy":"category","embeddable":true,"href":"https:\/\/www.leccecronaca.it\/index.php\/wp-json\/wp\/v2\/categories?post=62654"},{"taxonomy":"post_tag","embeddable":true,"href":"https:\/\/www.leccecronaca.it\/index.php\/wp-json\/wp\/v2\/tags?post=62654"}],"curies":[{"name":"wp","href":"https:\/\/api.w.org\/{rel}","templated":true}]}}