{"id":62794,"date":"2015-10-27T20:15:57","date_gmt":"2015-10-27T19:15:57","guid":{"rendered":"http:\/\/www.leccecronaca.it\/?p=62794"},"modified":"2015-10-27T20:17:49","modified_gmt":"2015-10-27T19:17:49","slug":"domani-pomeriggio-il-generale-silletti-convocato-dalla-commissione-agricoltura-del-senato-della-repubblica","status":"publish","type":"post","link":"https:\/\/www.leccecronaca.it\/index.php\/2015\/10\/27\/domani-pomeriggio-il-generale-silletti-convocato-dalla-commissione-agricoltura-del-senato-della-repubblica\/","title":{"rendered":"DOMANI POMERIGGIO IL GENERALE GIUSEPPE SILLETTI, CONVOCATO DALLA COMMISSIONE AGRICOLTURA, RIFERISCE AL SENATO DELLA REPUBBLICA"},"content":{"rendered":"<p><img decoding=\"async\" loading=\"lazy\" width=\"640\" height=\"482\" title=\"29666\" class=\"alignright size-full wp-image-62795\" alt=\"\" src=\"https:\/\/www.leccecronaca.it\/wordpress\/wp-content\/uploads\/2015\/10\/29666.jpg\" srcset=\"https:\/\/www.leccecronaca.it\/wordpress\/wp-content\/uploads\/2015\/10\/29666.jpg 640w, https:\/\/www.leccecronaca.it\/wordpress\/wp-content\/uploads\/2015\/10\/29666-300x225.jpg 300w\" sizes=\"(max-width: 640px) 100vw, 640px\" \/>Riceviamo e volentieri pubblichiamo. Da Roma, la senatrice leccese del M5S Daniela Donno ci informa______<\/p>\n<p>Mercoled\u00ec 28 ottobre alle ore 14,00, il commissario per l&#8217;emergenza Xylella Silletti (nella foto, ndr), sar\u00e0 audito presso la Commissione Agricoltura del Senato.<\/p>\n<p>Il Commissario sar\u00e0 sottoposto al fuoco di fila delle domande poste dai membri della commissione in merito al piano di eradicazione degli ulivi attuato in questi giorni nell&#8217;area salentina.<\/p>\n<p>Ho\u00a0chiesto ed ottenuto la diretta streaming della seduta.<\/p>\n<p>Ho ritenuto di dare l&#8217;opportunit\u00e0 alla comunit\u00e0 salentina di assistere in diretta all&#8217;audizione e, soprattutto, alle risposte che il commissario Silletti dar\u00e0 ai numerosi quesiti che in questi giorni si sono posti i proprietari terrieri e la cittadinanza tutta e dei quali mi far\u00f2 portavoce.<\/p>\n<p>Attendiamo di sapere quali saranno le argomentazioni che ci fornir\u00e0 Silletti, rispetto allo stato dei lavori di questo assurdo piano di eradicazione in atto nel territorio salentino\u201d.<\/p>\n<p>La diretta sar\u00e0 visibile sul sito del Senato all&#8217;indirizzo http:\/\/webtv.senato.it\/ .<\/p>\n<p>&nbsp;<\/p>\n<p>&nbsp;<\/p>\n<fb:like href='https:\/\/www.leccecronaca.it\/index.php\/2015\/10\/27\/domani-pomeriggio-il-generale-silletti-convocato-dalla-commissione-agricoltura-del-senato-della-repubblica\/' send='true' layout='button_count' show_faces='true' width='450' height='65' action='recommend' colorscheme='light' font='lucida grande'><\/fb:like><span class=\"fb_share\"><fb:like href=\"https:\/\/www.leccecronaca.it\/index.php\/2015\/10\/27\/domani-pomeriggio-il-generale-silletti-convocato-dalla-commissione-agricoltura-del-senato-della-repubblica\/\" layout=\"button_count\"><\/fb:like><\/span>","protected":false},"excerpt":{"rendered":"<p>Riceviamo e volentieri pubblichiamo. Da Roma, la senatrice leccese del M5S Daniela Donno ci informa______ Mercoled\u00ec 28 ottobre alle ore 14,00, il commissario per l&#8217;emergenza Xylella Silletti (nella foto, ndr), sar\u00e0 audito presso la Commissione Agricoltura del Senato. Il Commissario sar\u00e0 sottoposto al fuoco di fila delle domande poste dai membri della commissione in merito [&hellip;]<\/p>\n","protected":false},"author":4,"featured_media":62795,"comment_status":"open","ping_status":"closed","sticky":false,"template":"","format":"standard","meta":[],"categories":[36],"tags":[],"_links":{"self":[{"href":"https:\/\/www.leccecronaca.it\/index.php\/wp-json\/wp\/v2\/posts\/62794"}],"collection":[{"href":"https:\/\/www.leccecronaca.it\/index.php\/wp-json\/wp\/v2\/posts"}],"about":[{"href":"https:\/\/www.leccecronaca.it\/index.php\/wp-json\/wp\/v2\/types\/post"}],"author":[{"embeddable":true,"href":"https:\/\/www.leccecronaca.it\/index.php\/wp-json\/wp\/v2\/users\/4"}],"replies":[{"embeddable":true,"href":"https:\/\/www.leccecronaca.it\/index.php\/wp-json\/wp\/v2\/comments?post=62794"}],"version-history":[{"count":4,"href":"https:\/\/www.leccecronaca.it\/index.php\/wp-json\/wp\/v2\/posts\/62794\/revisions"}],"predecessor-version":[{"id":62799,"href":"https:\/\/www.leccecronaca.it\/index.php\/wp-json\/wp\/v2\/posts\/62794\/revisions\/62799"}],"wp:featuredmedia":[{"embeddable":true,"href":"https:\/\/www.leccecronaca.it\/index.php\/wp-json\/wp\/v2\/media\/62795"}],"wp:attachment":[{"href":"https:\/\/www.leccecronaca.it\/index.php\/wp-json\/wp\/v2\/media?parent=62794"}],"wp:term":[{"taxonomy":"category","embeddable":true,"href":"https:\/\/www.leccecronaca.it\/index.php\/wp-json\/wp\/v2\/categories?post=62794"},{"taxonomy":"post_tag","embeddable":true,"href":"https:\/\/www.leccecronaca.it\/index.php\/wp-json\/wp\/v2\/tags?post=62794"}],"curies":[{"name":"wp","href":"https:\/\/api.w.org\/{rel}","templated":true}]}}