{"id":63525,"date":"2015-11-02T19:26:37","date_gmt":"2015-11-02T18:26:37","guid":{"rendered":"http:\/\/www.leccecronaca.it\/?p=63525"},"modified":"2015-11-02T19:28:21","modified_gmt":"2015-11-02T18:28:21","slug":"baresi-a-capodanno-avremo-fra-di-noi-gigi-d-alessio-e-al-fatidio-annuncio-si-scatena-la-riolta-su-internet-contro-antonio-decaro-mo-che-culo-sei-sprecato-a-bari-tu-ma-vai-a-fare-il-sinda","status":"publish","type":"post","link":"https:\/\/www.leccecronaca.it\/index.php\/2015\/11\/02\/baresi-a-capodanno-avremo-fra-di-noi-gigi-d-alessio-e-al-fatidio-annuncio-si-scatena-la-riolta-su-internet-contro-antonio-decaro-mo-che-culo-sei-sprecato-a-bari-tu-ma-vai-a-fare-il-sinda\/","title":{"rendered":"&#8220;Baresi, a Capodanno avremo fra di noi Gigi D&#8217; Alessio&#8221;&#8230;E AL FATIDICO ANNUNCIO SU INTERNET SI SCATENA LA RIVOLTA CONTRO ANTONIO DECARO: &#8220;Mo che culo! Sei sprecato a Bari tu! Ma vai a fare il sindaco di New York!&#8221;"},"content":{"rendered":"<p><img decoding=\"async\" loading=\"lazy\" width=\"960\" height=\"640\" title=\"10291086_510236525744683_709852068324664022_n\" class=\"alignleft size-full wp-image-63526\" alt=\"\" src=\"https:\/\/www.leccecronaca.it\/wordpress\/wp-content\/uploads\/2015\/11\/10291086_510236525744683_709852068324664022_n.jpg\" srcset=\"https:\/\/www.leccecronaca.it\/wordpress\/wp-content\/uploads\/2015\/11\/10291086_510236525744683_709852068324664022_n.jpg 960w, https:\/\/www.leccecronaca.it\/wordpress\/wp-content\/uploads\/2015\/11\/10291086_510236525744683_709852068324664022_n-300x200.jpg 300w\" sizes=\"(max-width: 960px) 100vw, 960px\" \/>(Rdl)_____Un po&#8217; ci aveva messo del suo, annunciando con toni trionfalistici la serata &#8216;strappata&#8217; a Lecce, che vedr\u00e0 Gigi D&#8217; Alessio protagonista di un capodanno in piazza a Bari.<\/p>\n<p>Antonio Decaro credeva che i suoi concittadini avrebbero condiviso tanto entusiasmo. Ecco l&#8217; annuncio vobis gaudium magnum:&#8221;<em>La notte di capodanno si passa in compagnia. Ma a Bari quest&#8217;anno esageriamo. La passeremo insieme a milioni di persone.<\/em><br \/>\n<em> Si, perch\u00e9 il 31 dicembre, grazie alla diretta di Canale 5, RTL 102.5, Telenorba e Radionorba, la festa di piazza della Prefettura entrer\u00e0 nelle case di tutta Italia.<\/em><br \/>\n<em> Sul palco, Gigi D&#8217;Alessio &amp; Friends, un grandissimo spettacolo, nel quale, insieme a Gigi D&#8217;Alessio si alterneranno numerosi ospiti che scopriremo nei prossimi giorni. <\/em><br \/>\n<em> Non sar\u00e0 solo una grand&#8230;e festa per i baresi ma anche un\u2019occasione irripetibile di promozione turistica e di marketing territoriale per Bari.<\/em><br \/>\n<em> Quindi, da oggi, tutti al lavoro. Per accogliere nel modo migliore le tantissime persone che arriveranno a Bari e per mostrare a milioni di telespettatori italiani quant\u2019\u00e8 bella la nostra citt\u00e0.<\/em><\/p>\n<div id=\"id_5637a584eed695d45879160\">\n<div>\n<p><em>P.S.: Io nel frattempo sto ripassando i testi delle canzoni, perch\u00e9 cantando in piazza mi sembrer\u00e0 di far parte dei \u201cfriends&#8221;. Lo sapete che il Karaoke \u00e8 sempre stata la mia passione&#8221;.<\/em><\/p>\n<p>Invece i Baresi, proprio come i leccesi, che, quando avevano appreso del concerto di fine anno all&#8217; ombra del barocco, si erano scatenati in una serie di proteste pi\u00f9 o meno ironiche, pre non abbiano gradito affatto.<\/p>\n<p>Da ore sotto l&#8217; annuncio del sindaco si aggiungono messaggi coloriti di protesta. Eccone un&#8217; antologia solamente degli ultimi arrivati:<\/p>\n<p>&nbsp;<\/p>\n<\/div>\n<\/div>\n<p>Mo che culo! Sei sprecato come sindaco di bari!tu saresti da NY<\/p>\n<p>Mettere Gigi D&#8217;Alessio su un palco, sperando in un ritorno d&#8217;immagine per la nostra bella citt\u00e0, \u00e8, oltre ad un attentato bello e buono al concetto di musica, una mossa che testimonia la pi\u00f9 totale assenza delle pur basilari nozioni di marketing.<\/p>\n<p>Guardiamo il lato positivo. Almeno ci ha avvisati in tempo per organizzare un esodo di massa lontani da Bari, immaginate se ce lo fossimo trovati sul palco senza preavviso come un attentato<\/p>\n<p>Gigi d&#8217;Alessio!!! Il karaoke!!! Ok, dopo una giornata di lavoro micidiale come il 31 dicembre anke qst&#8217;anno mi metter\u00f2 in macchina x andare a festeggiare il capodanno in piazza ALTROVE!!!!<\/p>\n<p>La Rieducazione come la rivoluzione \u00e8 fallita!<\/p>\n<p>La mia domanda \u00e8: ma li paghiamo o vengono gratis? &#8230;. di male in peggio con tutti i problemi che ha questa citt\u00e0.<\/p>\n<p>Essere impegnato a ripassare i testi delle canzoni di gigi d&#8217;alessio \u00e8 praticamente ammettere che non si ha un cazzo da fare durante la giornata&#8230;ma si tanto, Bari va bene cos\u00ec&#8230;<\/p>\n<p>Si prepara un enorme esodo di baresi per Capodanno!!! Antonio Decaro hai fatto lo stesso affarone del Milan che frega Balotelli all&#8217;Inter!<\/p>\n<p>Ve a mangi\u00e1 le cozz col tuo compare, v\u00e9&#8230;ca fascje chi\u00fa fegure&#8230;BARI MERITA MOLTO DI PIU !!!<\/p>\n<p>La ringrazio signor sindaco per il gentile invito ma a me Gigi D&#8217;Alessio fa venire la diarrea. Ho comunque conservato un suo CD per i miei momenti di stitichezza.<\/p>\n<p>In queste occasioni, sono felice di essere lontano da Bari. Ma come diavolo si fa a chiamare quella cagata di cantante?<\/p>\n<p>Gigi d&#8217;alessio&#8230;&#8230;.che capodanno di merda<\/p>\n<p>Hai dei gusti musicali molto zampi &#8230;oppure persone dell&#8217;ambiente mafioso ti hanno suggerito questo nome &#8230;insomma il concerto di fine anno a Bari sara&#8217;come sempre &#8221; UNA CAGATA PAZZESCA&#8221;!<\/p>\n<p>&nbsp;<\/p>\n<fb:like href='https:\/\/www.leccecronaca.it\/index.php\/2015\/11\/02\/baresi-a-capodanno-avremo-fra-di-noi-gigi-d-alessio-e-al-fatidio-annuncio-si-scatena-la-riolta-su-internet-contro-antonio-decaro-mo-che-culo-sei-sprecato-a-bari-tu-ma-vai-a-fare-il-sinda\/' send='true' layout='button_count' show_faces='true' width='450' height='65' action='recommend' colorscheme='light' font='lucida grande'><\/fb:like><span class=\"fb_share\"><fb:like href=\"https:\/\/www.leccecronaca.it\/index.php\/2015\/11\/02\/baresi-a-capodanno-avremo-fra-di-noi-gigi-d-alessio-e-al-fatidio-annuncio-si-scatena-la-riolta-su-internet-contro-antonio-decaro-mo-che-culo-sei-sprecato-a-bari-tu-ma-vai-a-fare-il-sinda\/\" layout=\"button_count\"><\/fb:like><\/span>","protected":false},"excerpt":{"rendered":"<p>(Rdl)_____Un po&#8217; ci aveva messo del suo, annunciando con toni trionfalistici la serata &#8216;strappata&#8217; a Lecce, che vedr\u00e0 Gigi D&#8217; Alessio protagonista di un capodanno in piazza a Bari. Antonio Decaro credeva che i suoi concittadini avrebbero condiviso tanto entusiasmo. Ecco l&#8217; annuncio vobis gaudium magnum:&#8221;La notte di capodanno si passa in compagnia. Ma a [&hellip;]<\/p>\n","protected":false},"author":4,"featured_media":63526,"comment_status":"open","ping_status":"closed","sticky":false,"template":"","format":"standard","meta":[],"categories":[69],"tags":[],"_links":{"self":[{"href":"https:\/\/www.leccecronaca.it\/index.php\/wp-json\/wp\/v2\/posts\/63525"}],"collection":[{"href":"https:\/\/www.leccecronaca.it\/index.php\/wp-json\/wp\/v2\/posts"}],"about":[{"href":"https:\/\/www.leccecronaca.it\/index.php\/wp-json\/wp\/v2\/types\/post"}],"author":[{"embeddable":true,"href":"https:\/\/www.leccecronaca.it\/index.php\/wp-json\/wp\/v2\/users\/4"}],"replies":[{"embeddable":true,"href":"https:\/\/www.leccecronaca.it\/index.php\/wp-json\/wp\/v2\/comments?post=63525"}],"version-history":[{"count":2,"href":"https:\/\/www.leccecronaca.it\/index.php\/wp-json\/wp\/v2\/posts\/63525\/revisions"}],"predecessor-version":[{"id":63528,"href":"https:\/\/www.leccecronaca.it\/index.php\/wp-json\/wp\/v2\/posts\/63525\/revisions\/63528"}],"wp:featuredmedia":[{"embeddable":true,"href":"https:\/\/www.leccecronaca.it\/index.php\/wp-json\/wp\/v2\/media\/63526"}],"wp:attachment":[{"href":"https:\/\/www.leccecronaca.it\/index.php\/wp-json\/wp\/v2\/media?parent=63525"}],"wp:term":[{"taxonomy":"category","embeddable":true,"href":"https:\/\/www.leccecronaca.it\/index.php\/wp-json\/wp\/v2\/categories?post=63525"},{"taxonomy":"post_tag","embeddable":true,"href":"https:\/\/www.leccecronaca.it\/index.php\/wp-json\/wp\/v2\/tags?post=63525"}],"curies":[{"name":"wp","href":"https:\/\/api.w.org\/{rel}","templated":true}]}}