{"id":64219,"date":"2015-11-08T15:19:36","date_gmt":"2015-11-08T14:19:36","guid":{"rendered":"http:\/\/www.leccecronaca.it\/?p=64219"},"modified":"2015-11-09T08:59:22","modified_gmt":"2015-11-09T07:59:22","slug":"la-ritrovata-unita-el-centro-destra-intorno-al-nuovo-giovane-leader-di-fatto-matteo-salvini-angelino-alfano-inutile-e-cretino-i-centro-sociali-i-campi-rom-li-sgombereremo-noi-a-uno-a-uno","status":"publish","type":"post","link":"https:\/\/www.leccecronaca.it\/index.php\/2015\/11\/08\/la-ritrovata-unita-el-centro-destra-intorno-al-nuovo-giovane-leader-di-fatto-matteo-salvini-angelino-alfano-inutile-e-cretino-i-centro-sociali-i-campi-rom-li-sgombereremo-noi-a-uno-a-uno\/","title":{"rendered":"A BOLOGNA LA RITROVATA UNITA&#8217; DEL CENTRO DESTRA INTORNO AL NUOVO LEADER DI FATTO. MATTEO SALVINI: &#8220;Alfano sei incapace e cretino. I Centro sociali, i campi rom li sgombereremo noi a uno a uno&#8221;. SILVIO BERLUSCONI: &#8220;Grillo come Hitler, sono una banda di balordi&#8221;"},"content":{"rendered":"<p><img decoding=\"async\" loading=\"lazy\" width=\"960\" height=\"720\" title=\"12188918_10153363402198155_1811749416911875683_n\" class=\"alignleft size-full wp-image-64222\" alt=\"\" src=\"https:\/\/www.leccecronaca.it\/wordpress\/wp-content\/uploads\/2015\/11\/12188918_10153363402198155_1811749416911875683_n.jpg\" srcset=\"https:\/\/www.leccecronaca.it\/wordpress\/wp-content\/uploads\/2015\/11\/12188918_10153363402198155_1811749416911875683_n.jpg 960w, https:\/\/www.leccecronaca.it\/wordpress\/wp-content\/uploads\/2015\/11\/12188918_10153363402198155_1811749416911875683_n-300x225.jpg 300w\" sizes=\"(max-width: 960px) 100vw, 960px\" \/>(Rdl)______Il nuovo giovane leader di fatto della coalizione aveva ripetutamente sostenuto negli ultimi tempi di non volerne pi\u00f9 sapere. Oggi ha\u00a0detto chiaramente che &#8220;<em>non \u00e8 un ritorno al passato<\/em>&#8220;. Eppure\u00a0ai pi\u00f9 \u00e8 sembrato un revival\u00a0dei primi passi trent&#8217; anni dopo.<\/p>\n<p>Il centro &#8211; destra, quel che ne \u00e8 rimasto, quel che \u00e8 diventato, si\u00a0ritrova unito a Bologna. Proprio un appello all&#8217;unit\u00e0\u00a0\u00e8 partito da Silvio Berlusconi, visibilmente commosso per il ritorno alla piazza, sul palco insieme\u00a0a Matteo Salvini della Lega Nord,\u00a0e a Giorgia Meloni di &#8220;Fratelli d&#8217; Italia&#8221;.<\/p>\n<p>In un centro di Bologna blindato dalla Polizia e affollato dai partecipanti, la manifestazione si \u00e8 svolta regolarmente, nonostante gli scontri avvenuti per le proteste dei cos\u00ec detti\u00a0antagonisti e dei centri sociali, che cinquecento hanno cercato di sfondare il presidio all&#8217; altezza del ponte ferroviario di Stalingrado: tafferugli, lanci di pietre e di uova, lagrimogeni e un agente colpito da un grosso oggetto contundente in ospedale.<\/p>\n<p>Pochi attimi di tensione al comizio, quando una decina di giovani studenti hanno creato per pochi secondi un parapiglia sotto ai portici di piazza Maggiore.<\/p>\n<p>Delle parole di<strong> Matteo Salvini<\/strong>, che ha sostanzialmente riproposto le note tematiche che ne hanno contraddistinto l&#8217; azione politica egli ultimi mesi, colpiscono i toni usati con il Nuovo Centro destra:\u00a0\u00a0&#8220;<em>Con noi un personaggio inutile e\u00a0incapace\u00a0come Angelino Alfano non ci sar\u00e0 mai: occupati dei poliziotti, cretino che non sei altro, e lascia perdere la politica che non fa per te. Pensa ai poliziotti feriti\u00a0dai centri sociali che sgombereremo col sorriso uno per uno. Dopo i campi rom, i centri sociali<\/em>&#8220;.<\/p>\n<p>Quanto alla giornata odierna &#8220;<em>non \u00e8 un ritorno al passato, al &#8217;94, alle vecchie formule, alle marmellate: qua comincia qualcosa di nuovo che \u00e8 guidato dalla Lega, ma che \u00e8 aperto a tutti gli italiani che oggi sono lontani dalla politica. <\/em><\/p>\n<p><em>La leadership la scelgono i cittadini, non un palco, un microfono o una piazza. Oggi siamo qui per dire che insieme si vince se qualcuno \u00e8 in cerca di poltrone questa \u00e8 la piazza sbagliata. Oggi qua parleremo di lavoro, futuro, giovani, di liberare le energie che in Italia ci sono e che invece sono tenute fra le grinfie della burocrazia, dall&#8217;eccesso di pressione fiscale<\/em>&#8220;.<\/p>\n<p>Trionfalistico il tono\u00a0delle parole di\u00a0<strong>Silvio Berlusconi<\/strong> pi\u00f9 significative: &#8220;<em>Con questa ritrovata unit\u00e0 vinceremo le prossime elezioni. Con Matteo, con Giorgia e con Silvio non ce ne sar\u00e0 pi\u00f9 per nessuno. Potremo superare il 40%. Questa \u00e8 una giornata fondamentale per il futuro di tutti noi e dell&#8217;Italia. <em>Consegnare l\u2019Italia a Grillo e alla sua banda di balordi sarebbe una tragedia: per questo il centrodestra deve tornare unito. Sarebbe una tragedia consegnare l\u2019Italia ad un signore nei cui discorsi ho individuato molti passaggi identici a quelli di Hitler nel \u201932 e nel \u201933<\/em>\u201c.<\/em><\/p>\n<p><strong>Giorgia Meloni<\/strong> ha chiesto le dimissioni del governo:\u00a0&#8220;<em>Renzi non sa neanche leggere la bussola: nella legge di stabilit\u00e0 non c&#8217;\u00e8 nessun taglio agli sprechi, n\u00e9 taglio tasse. Stanno l\u00ec a vantarsi di togliere norme ridicole introdotte da loro, mettono Marino a fare il sindaco poi lo sfiduciano e vogliono essere ringraziati: siate coerenti e dimettetevi, adesso andate a casa<\/em>&#8220;.<\/p>\n<p>&nbsp;<\/p>\n<p>&nbsp;<\/p>\n<p>&nbsp;<\/p>\n<fb:like href='https:\/\/www.leccecronaca.it\/index.php\/2015\/11\/08\/la-ritrovata-unita-el-centro-destra-intorno-al-nuovo-giovane-leader-di-fatto-matteo-salvini-angelino-alfano-inutile-e-cretino-i-centro-sociali-i-campi-rom-li-sgombereremo-noi-a-uno-a-uno\/' send='true' layout='button_count' show_faces='true' width='450' height='65' action='recommend' colorscheme='light' font='lucida grande'><\/fb:like><span class=\"fb_share\"><fb:like href=\"https:\/\/www.leccecronaca.it\/index.php\/2015\/11\/08\/la-ritrovata-unita-el-centro-destra-intorno-al-nuovo-giovane-leader-di-fatto-matteo-salvini-angelino-alfano-inutile-e-cretino-i-centro-sociali-i-campi-rom-li-sgombereremo-noi-a-uno-a-uno\/\" layout=\"button_count\"><\/fb:like><\/span>","protected":false},"excerpt":{"rendered":"<p>(Rdl)______Il nuovo giovane leader di fatto della coalizione aveva ripetutamente sostenuto negli ultimi tempi di non volerne pi\u00f9 sapere. Oggi ha\u00a0detto chiaramente che &#8220;non \u00e8 un ritorno al passato&#8220;. Eppure\u00a0ai pi\u00f9 \u00e8 sembrato un revival\u00a0dei primi passi trent&#8217; anni dopo. Il centro &#8211; destra, quel che ne \u00e8 rimasto, quel che \u00e8 diventato, si\u00a0ritrova unito [&hellip;]<\/p>\n","protected":false},"author":4,"featured_media":64222,"comment_status":"open","ping_status":"closed","sticky":false,"template":"","format":"standard","meta":[],"categories":[76],"tags":[],"_links":{"self":[{"href":"https:\/\/www.leccecronaca.it\/index.php\/wp-json\/wp\/v2\/posts\/64219"}],"collection":[{"href":"https:\/\/www.leccecronaca.it\/index.php\/wp-json\/wp\/v2\/posts"}],"about":[{"href":"https:\/\/www.leccecronaca.it\/index.php\/wp-json\/wp\/v2\/types\/post"}],"author":[{"embeddable":true,"href":"https:\/\/www.leccecronaca.it\/index.php\/wp-json\/wp\/v2\/users\/4"}],"replies":[{"embeddable":true,"href":"https:\/\/www.leccecronaca.it\/index.php\/wp-json\/wp\/v2\/comments?post=64219"}],"version-history":[{"count":11,"href":"https:\/\/www.leccecronaca.it\/index.php\/wp-json\/wp\/v2\/posts\/64219\/revisions"}],"predecessor-version":[{"id":64288,"href":"https:\/\/www.leccecronaca.it\/index.php\/wp-json\/wp\/v2\/posts\/64219\/revisions\/64288"}],"wp:featuredmedia":[{"embeddable":true,"href":"https:\/\/www.leccecronaca.it\/index.php\/wp-json\/wp\/v2\/media\/64222"}],"wp:attachment":[{"href":"https:\/\/www.leccecronaca.it\/index.php\/wp-json\/wp\/v2\/media?parent=64219"}],"wp:term":[{"taxonomy":"category","embeddable":true,"href":"https:\/\/www.leccecronaca.it\/index.php\/wp-json\/wp\/v2\/categories?post=64219"},{"taxonomy":"post_tag","embeddable":true,"href":"https:\/\/www.leccecronaca.it\/index.php\/wp-json\/wp\/v2\/tags?post=64219"}],"curies":[{"name":"wp","href":"https:\/\/api.w.org\/{rel}","templated":true}]}}