{"id":64860,"date":"2015-11-13T09:01:24","date_gmt":"2015-11-13T08:01:24","guid":{"rendered":"http:\/\/www.leccecronaca.it\/?p=64860"},"modified":"2015-11-13T15:19:44","modified_gmt":"2015-11-13T14:19:44","slug":"iniziative-per-la-valorizzazione-del-barocco-leccese","status":"publish","type":"post","link":"https:\/\/www.leccecronaca.it\/index.php\/2015\/11\/13\/iniziative-per-la-valorizzazione-del-barocco-leccese\/","title":{"rendered":"INIZIATIVE PER LA VALORIZZAZIONE DEL BAROCCO LECCESE"},"content":{"rendered":"<p><img decoding=\"async\" loading=\"lazy\" width=\"300\" height=\"200\" title=\"Wojtek Pankiewicz\" class=\"alignleft size-medium wp-image-64866\" alt=\"\" src=\"https:\/\/www.leccecronaca.it\/wordpress\/wp-content\/uploads\/2015\/11\/Wojtek-Pankiewicz-300x200.png\" srcset=\"https:\/\/www.leccecronaca.it\/wordpress\/wp-content\/uploads\/2015\/11\/Wojtek-Pankiewicz-300x200.png 300w, https:\/\/www.leccecronaca.it\/wordpress\/wp-content\/uploads\/2015\/11\/Wojtek-Pankiewicz.png 433w\" sizes=\"(max-width: 300px) 100vw, 300px\" \/>Riceviamo e volentieri pubblichiamo. Da Lecce il presidente dell&#8217; associazione &#8220;Valori e Rinnovamento&#8221;Wojtek Pankiewicz (nella foto) ci scrive______<\/p>\n<p>Continua con determinazione e costanza la\u00a0nostra battaglia per SALENTO AND THE BAROCCO LECCESE Patrimonio Mondiale dell&#8217;Umanit\u00e0 UNESCO come sito misto \u2013 Cultural and and natural sites, considerata l&#8217;unicit\u00e0 e la straordinariet\u00e0 delle innumerevoli bellezze artistiche e naturali proposte.<\/p>\n<p>La Provincia di Lecce rappresenta una grande e unica incomparabile realt\u00e0 di bellezza.<\/p>\n<p>Continuiamo ad esortare Provincia e Comuni affinche formalizzino l&#8217;importante istanza. Assicuriamo il sostegno del nostro Movimento anche attraverso supporti e sussidi di carattere culturale e scientifico.<\/p>\n<p>Per continuare nella nostra opera di sensibilizzazione e di pressione abbiamo organizzato, nell&#8217;ambito della grande mostra fotografica di Art&amp;Co \u201cWONDERFUL ITALY\u201d l&#8217;evento WONDERFUL SALENTO IN WONDERFUL ITALY.<\/p>\n<p>Venerd\u00ec 27 novembre 2015, alle ore 19,00, presso Art&amp;Co Gallerie, Lecce, Via Salvatore Nahi 27.<\/p>\n<p>Il programma prevede il saluto di Tiziano Giurin, Presidente Art&amp;Co Gallerie, l&#8217;introduzione di Chiara Armillis, Responsabile del programma del nostro Movimento &#8220;Bellezza, cittadinanza attiva e bene comune&#8221; e poi gli interventi : &#8220;Il Salento, monumento a cielo aperto nel terzo millennio : l&#8217;inizio di una nuova sfida&#8221;, di Giovanni Laudizi, Preside della Facolt\u00e0 di Beni Culturali dell&#8217;Universit\u00e0 del Salento e &#8220;La nostra grande bellezza matrice di grande ricchezza&#8221;, di Roberto Fatano, Presidente LAICA Libera Associazione delle Imprese e delle Professioni. Laudizzi e Fatano si uniranno al nostro appello alle istituzioni per Lecce e il Salento Patrimonio dell&#8217;Umanit\u00e0 UNESCO e per questo li ringraziamo vivamente.<\/p>\n<p>Lo scrigno salentino contiene un ineguagliabile tesoro di pietre preziose, tra queste anche il \u201cpaesasggio sonoro\u201d, che pu\u00f2 portare valore aggiunto alla nostra istanza UNESCO. Ci\u00f2 che noi intendiamo come \u2018paesaggio sonoro\u2019 non \u00e8, come sotto il profilo urbanistico, l\u2019insieme dei suoni (intesi nella complessit\u00e0 del duplice concetto di suono-rumore) che \u00e8 possibile rilevare in un ambiente acustico.Il nostro concetto si sviluppa, invece, dalla percezione del paesaggio sonoro, della musica come strumento di lettura del territorio, tesa all\u2019individuazione del genius loci, del legame cio\u00e8 fra luogo e ispirazione artistica; si sofferma, sulla pervasivit\u00e0 della presenza di compositori che possono diventare elemento di identit\u00e0 e di identificazione di un luogo e motivo di attrazione di un territorio. Facendo della \u201cmusica\u201d il focus tematico-culturale per la valorizzazione e lo sviluppo del territorio.<\/p>\n<p>Il \u201cpaesaggio sonoro salentino\u201d ci sar\u00e0 spiegato e raccontato il 27 a sera dall&#8217;ensemble \u201cArmoniche Stravaganze\u201d, che nasce dalla confluenza delle attivit\u00e0 dell\u2019 Istituto di Cultura Musicale \u201cJ.S.BACH\u201d e l\u2019associazione culturale AULOS, e si ripropone, attraverso un accurato lavoro di \u201carcheologia musicale\u201d che vede coinvolti tutti musicisti del gruppo, di proporre al pubblico un itinerario virtuale che vuole portare a scoprire le sonorit\u00e0 e i ritmi che nell\u2019Italia \u2018600\/\u2019700. In particolare \u00e8 stata definita un mappa ideale che pone il Salento al centro dell\u2019universo artistico e musicale Europeo dell\u2019epoca, attraverso i suoi musicisti, come Giuseppe Tricarico, Leonardo Leo, che hanno lasciato la terra natia per arricchire di \u201cbellezza\u201d le corti di tutta Europa.<\/p>\n<p>\u201cArmoniche Stravaganze\u201d \u00e8 composto da specialisti del repertorio di musica barocca, come il soprano Stefania Patavia, una delle voci pi\u00f9 belle del panorama barocco, dal flautista Gianluca Milanese e dal clavicembalista Francesco Scarcella. L\u2019esecuzione di brani si atterr\u00e0 ad un approfondito studio della filologia e della prassi esecutiva dell\u2019epoca.Saranno utilizzati strumenti originali dell\u2019epoche o copie perfettamente coerenti. In particolare con questo evento si vuole portare a scoprire le sonorit\u00e0 e i ritmi che da Gallipoli a Vienna, da Galatina a Napoli si ascoltavano nelle corti e nei palazzi gentilizi del tempo. La sorpresa sar\u00e0 poi trovare in un repertorio \u2018colto\u2019 come quello delle musiche suonata \u2018a palazzo\u2019, echi di ritmi popolari , come pizzica e taranta, che tanto oggi ammaliano cittadini e turisti del territor<\/p>\n<p>&nbsp;<\/p>\n<p>&nbsp;<\/p>\n<p>&nbsp;<\/p>\n<p>&nbsp;<\/p>\n<p>&nbsp;<\/p>\n<p>&nbsp;<\/p>\n<p>&nbsp;<\/p>\n<p>&nbsp;<\/p>\n<fb:like href='https:\/\/www.leccecronaca.it\/index.php\/2015\/11\/13\/iniziative-per-la-valorizzazione-del-barocco-leccese\/' send='true' layout='button_count' show_faces='true' width='450' height='65' action='recommend' colorscheme='light' font='lucida grande'><\/fb:like><span class=\"fb_share\"><fb:like href=\"https:\/\/www.leccecronaca.it\/index.php\/2015\/11\/13\/iniziative-per-la-valorizzazione-del-barocco-leccese\/\" layout=\"button_count\"><\/fb:like><\/span>","protected":false},"excerpt":{"rendered":"<p>Riceviamo e volentieri pubblichiamo. Da Lecce il presidente dell&#8217; associazione &#8220;Valori e Rinnovamento&#8221;Wojtek Pankiewicz (nella foto) ci scrive______ Continua con determinazione e costanza la\u00a0nostra battaglia per SALENTO AND THE BAROCCO LECCESE Patrimonio Mondiale dell&#8217;Umanit\u00e0 UNESCO come sito misto \u2013 Cultural and and natural sites, considerata l&#8217;unicit\u00e0 e la straordinariet\u00e0 delle innumerevoli bellezze artistiche e naturali [&hellip;]<\/p>\n","protected":false},"author":4,"featured_media":64866,"comment_status":"open","ping_status":"closed","sticky":false,"template":"","format":"standard","meta":[],"categories":[36],"tags":[],"_links":{"self":[{"href":"https:\/\/www.leccecronaca.it\/index.php\/wp-json\/wp\/v2\/posts\/64860"}],"collection":[{"href":"https:\/\/www.leccecronaca.it\/index.php\/wp-json\/wp\/v2\/posts"}],"about":[{"href":"https:\/\/www.leccecronaca.it\/index.php\/wp-json\/wp\/v2\/types\/post"}],"author":[{"embeddable":true,"href":"https:\/\/www.leccecronaca.it\/index.php\/wp-json\/wp\/v2\/users\/4"}],"replies":[{"embeddable":true,"href":"https:\/\/www.leccecronaca.it\/index.php\/wp-json\/wp\/v2\/comments?post=64860"}],"version-history":[{"count":3,"href":"https:\/\/www.leccecronaca.it\/index.php\/wp-json\/wp\/v2\/posts\/64860\/revisions"}],"predecessor-version":[{"id":64872,"href":"https:\/\/www.leccecronaca.it\/index.php\/wp-json\/wp\/v2\/posts\/64860\/revisions\/64872"}],"wp:featuredmedia":[{"embeddable":true,"href":"https:\/\/www.leccecronaca.it\/index.php\/wp-json\/wp\/v2\/media\/64866"}],"wp:attachment":[{"href":"https:\/\/www.leccecronaca.it\/index.php\/wp-json\/wp\/v2\/media?parent=64860"}],"wp:term":[{"taxonomy":"category","embeddable":true,"href":"https:\/\/www.leccecronaca.it\/index.php\/wp-json\/wp\/v2\/categories?post=64860"},{"taxonomy":"post_tag","embeddable":true,"href":"https:\/\/www.leccecronaca.it\/index.php\/wp-json\/wp\/v2\/tags?post=64860"}],"curies":[{"name":"wp","href":"https:\/\/api.w.org\/{rel}","templated":true}]}}