{"id":65463,"date":"2015-11-18T14:11:41","date_gmt":"2015-11-18T13:11:41","guid":{"rendered":"http:\/\/www.leccecronaca.it\/?p=65463"},"modified":"2015-11-18T16:57:12","modified_gmt":"2015-11-18T15:57:12","slug":"65463","status":"publish","type":"post","link":"https:\/\/www.leccecronaca.it\/index.php\/2015\/11\/18\/65463\/","title":{"rendered":"NUOVA ASSOCIAZIONE DEI COMMERCIALISTI"},"content":{"rendered":"<p><a href=\"https:\/\/www.leccecronaca.it\/wordpress\/wp-content\/uploads\/2015\/11\/AIDC-foto-direttivo.jpg\"><img decoding=\"async\" loading=\"lazy\" width=\"300\" height=\"200\" title=\"AIDC - foto direttivo\" class=\"alignleft size-medium wp-image-65466\" alt=\"\" src=\"https:\/\/www.leccecronaca.it\/wordpress\/wp-content\/uploads\/2015\/11\/AIDC-foto-direttivo-300x200.jpg\" srcset=\"https:\/\/www.leccecronaca.it\/wordpress\/wp-content\/uploads\/2015\/11\/AIDC-foto-direttivo-300x200.jpg 300w, https:\/\/www.leccecronaca.it\/wordpress\/wp-content\/uploads\/2015\/11\/AIDC-foto-direttivo-1024x685.jpg 1024w, https:\/\/www.leccecronaca.it\/wordpress\/wp-content\/uploads\/2015\/11\/AIDC-foto-direttivo.jpg 1600w\" sizes=\"(max-width: 300px) 100vw, 300px\" \/><\/a>Riceviamo e volentieri pubblichiamo. Da Lecce, l&#8217; ufficio &#8211; stampa dell&#8217; AIDC ci scrive______<\/p>\n<p>Una nuova e pi\u00f9 forte associazione di dottori commercialisti ed esperti contabili. Si \u00e8 costituita a Lecce l\u2019Associazione italiana dei dottori commercialisti ed esperti contabili (Aidc).<\/p>\n<p>Il direttivo (nella foto) \u00e8 composto da Giuseppe Tamborrino (presidente), Giovanni Santoro (vicepresidente), Daniel Cannoletta (tesoriere), Claudio Leuci (segretario), Mirko Simone (consigliere e addetto alla comunicazione), Mino Durante (consigliere e addetto informatico), Raffaele Bello, Marialucia Leone, Antonio Leone, Andrea Tafuro, Fabio Montefrancesco, Andrea Licci e Pamela Viola (consiglieri). Fanno parte del collegio dei probiviri Umberto Mele (presidente), Giovanni Fiorentino e Stefania Pot\u00ec.<\/p>\n<p>La nascita di questa associazione pu\u00f2 segnare una svolta nel panorama associativo della categoria. Ad iniziative di valore, complementari a quelle svolte dagli Ordini e centrate sulla rappresentanza e il servizio, si aggiunge, infatti, un riferimento nazionale gi\u00e0 consolidato e che sta attraendo un numero crescente di associazioni locali, in tutta Italia. La costituzione di questa associazione \u00e8 il compimento di un progetto iniziato nel 2006, volto a unire le forze delle pi\u00f9 diverse aggregazioni della categoria, per moltiplicare le forze e le capacit\u00e0 di servizio alla professione e alla collettivit\u00e0. Ci sono gi\u00e0 28 sezioni locali in 11 regioni: Arezzo, Bari, Bergamo, Brindisi, Busto Arsizio, Campobasso, Catania, Chieti, Foggia, Lecce, Lecco, Lodi, Lucca, Lucera, Matera, Messina, Milano, Napoli, Palermo, Pistoia, Potenza, Roma, Sardegna, Taranto, Termoli, Trani, Trapani e Verona.<\/p>\n<p>Si tratta, dunque, di una nuova e pi\u00f9 capillare associazione sindacale di riferimento nazionale, radicata nel territorio e vicina alle istanze dei commercialisti di tutta Italia. Ma si tratta solo dell\u2019inizio.<\/p>\n<p>Intanto, fervono i preparativi per il convegno dal titolo \u00abIl reato di falso in bilancio e di false comunicazioni sociali: lineamenti e criticit\u00e0 della riforma di cui alla legge 69\/2015\u00bb. L\u2019appuntamento \u00e8 per luned\u00ec 30 novembre, dalle 15 alle 19, al Grand hotel Tiziano. Agli iscritti all\u2019Ordine dei dottori commercialisti saranno riconosciuti quattro crediti per la formazione professionale continua.<\/p>\n<p>&nbsp;<\/p>\n<fb:like href='https:\/\/www.leccecronaca.it\/index.php\/2015\/11\/18\/65463\/' send='true' layout='button_count' show_faces='true' width='450' height='65' action='recommend' colorscheme='light' font='lucida grande'><\/fb:like><span class=\"fb_share\"><fb:like href=\"https:\/\/www.leccecronaca.it\/index.php\/2015\/11\/18\/65463\/\" layout=\"button_count\"><\/fb:like><\/span>","protected":false},"excerpt":{"rendered":"<p>Riceviamo e volentieri pubblichiamo. Da Lecce, l&#8217; ufficio &#8211; stampa dell&#8217; AIDC ci scrive______ Una nuova e pi\u00f9 forte associazione di dottori commercialisti ed esperti contabili. Si \u00e8 costituita a Lecce l\u2019Associazione italiana dei dottori commercialisti ed esperti contabili (Aidc). Il direttivo (nella foto) \u00e8 composto da Giuseppe Tamborrino (presidente), Giovanni Santoro (vicepresidente), Daniel Cannoletta [&hellip;]<\/p>\n","protected":false},"author":4,"featured_media":65466,"comment_status":"open","ping_status":"closed","sticky":false,"template":"","format":"standard","meta":[],"categories":[36],"tags":[],"_links":{"self":[{"href":"https:\/\/www.leccecronaca.it\/index.php\/wp-json\/wp\/v2\/posts\/65463"}],"collection":[{"href":"https:\/\/www.leccecronaca.it\/index.php\/wp-json\/wp\/v2\/posts"}],"about":[{"href":"https:\/\/www.leccecronaca.it\/index.php\/wp-json\/wp\/v2\/types\/post"}],"author":[{"embeddable":true,"href":"https:\/\/www.leccecronaca.it\/index.php\/wp-json\/wp\/v2\/users\/4"}],"replies":[{"embeddable":true,"href":"https:\/\/www.leccecronaca.it\/index.php\/wp-json\/wp\/v2\/comments?post=65463"}],"version-history":[{"count":2,"href":"https:\/\/www.leccecronaca.it\/index.php\/wp-json\/wp\/v2\/posts\/65463\/revisions"}],"predecessor-version":[{"id":65468,"href":"https:\/\/www.leccecronaca.it\/index.php\/wp-json\/wp\/v2\/posts\/65463\/revisions\/65468"}],"wp:featuredmedia":[{"embeddable":true,"href":"https:\/\/www.leccecronaca.it\/index.php\/wp-json\/wp\/v2\/media\/65466"}],"wp:attachment":[{"href":"https:\/\/www.leccecronaca.it\/index.php\/wp-json\/wp\/v2\/media?parent=65463"}],"wp:term":[{"taxonomy":"category","embeddable":true,"href":"https:\/\/www.leccecronaca.it\/index.php\/wp-json\/wp\/v2\/categories?post=65463"},{"taxonomy":"post_tag","embeddable":true,"href":"https:\/\/www.leccecronaca.it\/index.php\/wp-json\/wp\/v2\/tags?post=65463"}],"curies":[{"name":"wp","href":"https:\/\/api.w.org\/{rel}","templated":true}]}}