{"id":65686,"date":"2015-11-23T01:01:30","date_gmt":"2015-11-23T00:01:30","guid":{"rendered":"http:\/\/www.leccecronaca.it\/?p=65686"},"modified":"2015-11-20T15:12:12","modified_gmt":"2015-11-20T14:12:12","slug":"diario-del-giorno-dopo-poesia-serata-per-pier-paolo-pasolini-a-lecce-martedi-24","status":"publish","type":"post","link":"https:\/\/www.leccecronaca.it\/index.php\/2015\/11\/23\/diario-del-giorno-dopo-poesia-serata-per-pier-paolo-pasolini-a-lecce-martedi-24\/","title":{"rendered":"DIARIO DEL GIORNO DOPO \/ POESIA \/ SERATA PER PIER PAOLO PASOLINI A LECCE MARTEDI&#8217; 24"},"content":{"rendered":"<p><a href=\"https:\/\/www.leccecronaca.it\/wordpress\/wp-content\/uploads\/2015\/11\/stor_11715706_124436.jpg\"><img decoding=\"async\" loading=\"lazy\" width=\"280\" height=\"284\" title=\"stor_11715706_124436\" class=\"alignleft size-full wp-image-65687\" alt=\"\" src=\"https:\/\/www.leccecronaca.it\/wordpress\/wp-content\/uploads\/2015\/11\/stor_11715706_124436.jpg\" \/><\/a>Marted\u00ec 24 novembre, alle 20, a lecce, al teatro Paisiello, in via Giuseppe Palmieri, ci sar\u00e0 un reading di poesia, dedicato a Pier Paolo Pasolini, con la partecipazione del regista di Astr\u00e0gali Fabio Tolledi, il gruppo musicale gli Insintesi, l\u2019attore Giuseppe Semeraro, l\u2019editore Luciano Pagano, lo scrittore Gianluca Conte, il poeta Simone Giorgino e la scrittrce Ilaria Secl\u00ec.<\/p>\n<p>Ingresso gratuito.<\/p>\n<p>&nbsp;<\/p>\n<p>&nbsp;<\/p>\n<p>&nbsp;<\/p>\n<fb:like href='https:\/\/www.leccecronaca.it\/index.php\/2015\/11\/23\/diario-del-giorno-dopo-poesia-serata-per-pier-paolo-pasolini-a-lecce-martedi-24\/' send='true' layout='button_count' show_faces='true' width='450' height='65' action='recommend' colorscheme='light' font='lucida grande'><\/fb:like><span class=\"fb_share\"><fb:like href=\"https:\/\/www.leccecronaca.it\/index.php\/2015\/11\/23\/diario-del-giorno-dopo-poesia-serata-per-pier-paolo-pasolini-a-lecce-martedi-24\/\" layout=\"button_count\"><\/fb:like><\/span>","protected":false},"excerpt":{"rendered":"<p>Marted\u00ec 24 novembre, alle 20, a lecce, al teatro Paisiello, in via Giuseppe Palmieri, ci sar\u00e0 un reading di poesia, dedicato a Pier Paolo Pasolini, con la partecipazione del regista di Astr\u00e0gali Fabio Tolledi, il gruppo musicale gli Insintesi, l\u2019attore Giuseppe Semeraro, l\u2019editore Luciano Pagano, lo scrittore Gianluca Conte, il poeta Simone Giorgino e la [&hellip;]<\/p>\n","protected":false},"author":4,"featured_media":65687,"comment_status":"open","ping_status":"closed","sticky":false,"template":"","format":"standard","meta":[],"categories":[75],"tags":[],"_links":{"self":[{"href":"https:\/\/www.leccecronaca.it\/index.php\/wp-json\/wp\/v2\/posts\/65686"}],"collection":[{"href":"https:\/\/www.leccecronaca.it\/index.php\/wp-json\/wp\/v2\/posts"}],"about":[{"href":"https:\/\/www.leccecronaca.it\/index.php\/wp-json\/wp\/v2\/types\/post"}],"author":[{"embeddable":true,"href":"https:\/\/www.leccecronaca.it\/index.php\/wp-json\/wp\/v2\/users\/4"}],"replies":[{"embeddable":true,"href":"https:\/\/www.leccecronaca.it\/index.php\/wp-json\/wp\/v2\/comments?post=65686"}],"version-history":[{"count":4,"href":"https:\/\/www.leccecronaca.it\/index.php\/wp-json\/wp\/v2\/posts\/65686\/revisions"}],"predecessor-version":[{"id":65690,"href":"https:\/\/www.leccecronaca.it\/index.php\/wp-json\/wp\/v2\/posts\/65686\/revisions\/65690"}],"wp:featuredmedia":[{"embeddable":true,"href":"https:\/\/www.leccecronaca.it\/index.php\/wp-json\/wp\/v2\/media\/65687"}],"wp:attachment":[{"href":"https:\/\/www.leccecronaca.it\/index.php\/wp-json\/wp\/v2\/media?parent=65686"}],"wp:term":[{"taxonomy":"category","embeddable":true,"href":"https:\/\/www.leccecronaca.it\/index.php\/wp-json\/wp\/v2\/categories?post=65686"},{"taxonomy":"post_tag","embeddable":true,"href":"https:\/\/www.leccecronaca.it\/index.php\/wp-json\/wp\/v2\/tags?post=65686"}],"curies":[{"name":"wp","href":"https:\/\/api.w.org\/{rel}","templated":true}]}}