{"id":66129,"date":"2015-11-24T19:42:24","date_gmt":"2015-11-24T18:42:24","guid":{"rendered":"http:\/\/www.leccecronaca.it\/?p=66129"},"modified":"2015-11-24T19:44:05","modified_gmt":"2015-11-24T18:44:05","slug":"presunto-terrorista-siriano-detenuto-a-lecce-i-sospetti-della-procura-su-uno-scafista-arrestato-a-maggio-per-immigrazione-clandestina","status":"publish","type":"post","link":"https:\/\/www.leccecronaca.it\/index.php\/2015\/11\/24\/presunto-terrorista-siriano-detenuto-a-lecce-i-sospetti-della-procura-su-uno-scafista-arrestato-a-maggio-per-immigrazione-clandestina\/","title":{"rendered":"PRESUNTO TERRORISTA SIRIANO DETENUTO A LECCE, I SOSPETTI DELLA PROCURA SU UNO SCAFISTA ARRESTATO A MAGGIO PER IMMIGRAZIONE CLANDESTINA"},"content":{"rendered":"<p><a href=\"https:\/\/www.leccecronaca.it\/wordpress\/wp-content\/uploads\/2015\/11\/3071b11d5744599a370ca7eb4f15a06c.jpg\"><img decoding=\"async\" loading=\"lazy\" width=\"300\" height=\"200\" title=\"Immigrazione: barcone migranti provenienti dalla Siria\" class=\"alignleft size-medium wp-image-66130\" alt=\"\" src=\"https:\/\/www.leccecronaca.it\/wordpress\/wp-content\/uploads\/2015\/11\/3071b11d5744599a370ca7eb4f15a06c-300x200.jpg\" srcset=\"https:\/\/www.leccecronaca.it\/wordpress\/wp-content\/uploads\/2015\/11\/3071b11d5744599a370ca7eb4f15a06c-300x200.jpg 300w, https:\/\/www.leccecronaca.it\/wordpress\/wp-content\/uploads\/2015\/11\/3071b11d5744599a370ca7eb4f15a06c.jpg 457w\" sizes=\"(max-width: 300px) 100vw, 300px\" \/><\/a>(Rdl)______Un cittadino siriano detenuto a Lecce \u00e8 sospettato di aver avuto legami con organizzazioni terroristiche, anche se &#8220;<em>dovrebbe far parte di un gruppo diverso da quello che ha operato a Parigi&#8221;<\/em>. Lo ha detto questa mattina il procuratore di Lecce, Cataldo Motta, al termine della riunione del Comitato regionale delle Autorit\u00e0 di Sicurezza che si \u00e8 svolta nella sede della prefettura, a Bari, aggiungendo poi:<\/p>\n<p>&#8220;<em>In passato abbiamo avuto due o tre ipotesi sulle quali ci siamo soffermati, ma\u00a0dopo gli\u00a0accertamenti svolti l&#8217;unico sospettato \u00e8\u00a0il siriano attualmente detenuto<\/em>&#8221; in seguito all&#8217; arresto, avvenuto nel maggio scorso con l&#8217; accusa di favoreggiamento dell&#8217; immigrazione clandestina, perch\u00e9 sorpreso\u00a0a condurre uno dei barconi con a bordo centinaia di immigrati irregolari.<\/p>\n<p>&#8220;<em>Era sbarcato ed era stato identificato come uno degli scafisti. I presunti reati di terrorismo li avrebbe commessi in precedenza all&#8217;estero. Rimane la possibilit\u00e0 dell&#8217;utilizzo da parte di terroristi del canale d&#8217;ingresso dell&#8217;immigrazione irregolare, ma attualmente non ci sono pi\u00f9 pericoli, perch\u00e9 il flusso dell&#8217;immigrazione irregolare dal canale d&#8217;Otranto si \u00e8 interrotto. In questo periodo evidentemente privilegiano la dorsale balcanica terrestre con ingresso da Ungheria e Slovenia.\u00a0Non c&#8217;\u00e8 da temere nulla perch\u00e9 il flusso si \u00e8 interrotto e non credo ci siano obiettivi che possano sollecitare, siamo eccessivamente periferici quindi non dovrebbe esserci nessun rischio. Sotto questo aspetto mi sento di tranquillizzare la gente<\/em>&#8220;.<\/p>\n<p>&nbsp;<\/p>\n<fb:like href='https:\/\/www.leccecronaca.it\/index.php\/2015\/11\/24\/presunto-terrorista-siriano-detenuto-a-lecce-i-sospetti-della-procura-su-uno-scafista-arrestato-a-maggio-per-immigrazione-clandestina\/' send='true' layout='button_count' show_faces='true' width='450' height='65' action='recommend' colorscheme='light' font='lucida grande'><\/fb:like><span class=\"fb_share\"><fb:like href=\"https:\/\/www.leccecronaca.it\/index.php\/2015\/11\/24\/presunto-terrorista-siriano-detenuto-a-lecce-i-sospetti-della-procura-su-uno-scafista-arrestato-a-maggio-per-immigrazione-clandestina\/\" layout=\"button_count\"><\/fb:like><\/span>","protected":false},"excerpt":{"rendered":"<p>(Rdl)______Un cittadino siriano detenuto a Lecce \u00e8 sospettato di aver avuto legami con organizzazioni terroristiche, anche se &#8220;dovrebbe far parte di un gruppo diverso da quello che ha operato a Parigi&#8221;. Lo ha detto questa mattina il procuratore di Lecce, Cataldo Motta, al termine della riunione del Comitato regionale delle Autorit\u00e0 di Sicurezza che si [&hellip;]<\/p>\n","protected":false},"author":4,"featured_media":66130,"comment_status":"open","ping_status":"closed","sticky":false,"template":"","format":"standard","meta":[],"categories":[69],"tags":[],"_links":{"self":[{"href":"https:\/\/www.leccecronaca.it\/index.php\/wp-json\/wp\/v2\/posts\/66129"}],"collection":[{"href":"https:\/\/www.leccecronaca.it\/index.php\/wp-json\/wp\/v2\/posts"}],"about":[{"href":"https:\/\/www.leccecronaca.it\/index.php\/wp-json\/wp\/v2\/types\/post"}],"author":[{"embeddable":true,"href":"https:\/\/www.leccecronaca.it\/index.php\/wp-json\/wp\/v2\/users\/4"}],"replies":[{"embeddable":true,"href":"https:\/\/www.leccecronaca.it\/index.php\/wp-json\/wp\/v2\/comments?post=66129"}],"version-history":[{"count":3,"href":"https:\/\/www.leccecronaca.it\/index.php\/wp-json\/wp\/v2\/posts\/66129\/revisions"}],"predecessor-version":[{"id":66132,"href":"https:\/\/www.leccecronaca.it\/index.php\/wp-json\/wp\/v2\/posts\/66129\/revisions\/66132"}],"wp:featuredmedia":[{"embeddable":true,"href":"https:\/\/www.leccecronaca.it\/index.php\/wp-json\/wp\/v2\/media\/66130"}],"wp:attachment":[{"href":"https:\/\/www.leccecronaca.it\/index.php\/wp-json\/wp\/v2\/media?parent=66129"}],"wp:term":[{"taxonomy":"category","embeddable":true,"href":"https:\/\/www.leccecronaca.it\/index.php\/wp-json\/wp\/v2\/categories?post=66129"},{"taxonomy":"post_tag","embeddable":true,"href":"https:\/\/www.leccecronaca.it\/index.php\/wp-json\/wp\/v2\/tags?post=66129"}],"curies":[{"name":"wp","href":"https:\/\/api.w.org\/{rel}","templated":true}]}}