{"id":66285,"date":"2015-11-26T16:54:16","date_gmt":"2015-11-26T15:54:16","guid":{"rendered":"http:\/\/www.leccecronaca.it\/?p=66285"},"modified":"2015-11-26T17:18:43","modified_gmt":"2015-11-26T16:18:43","slug":"il-ministro-dell-interno-a-lecce-venerdi-27","status":"publish","type":"post","link":"https:\/\/www.leccecronaca.it\/index.php\/2015\/11\/26\/il-ministro-dell-interno-a-lecce-venerdi-27\/","title":{"rendered":"IL MINISTRO DELL&#8217; INTERNO A LECCE VENERDI&#8217; 27"},"content":{"rendered":"<p><a href=\"https:\/\/www.leccecronaca.it\/wordpress\/wp-content\/uploads\/2015\/11\/o-ANGELINO-ALFANO-facebook.jpg\"><img decoding=\"async\" loading=\"lazy\" width=\"300\" height=\"262\" title=\"++ Tav: Alfano, sanzioni rigorose per ingressi cantiere ++\" class=\"aligncenter size-medium wp-image-66286\" alt=\"\" src=\"https:\/\/www.leccecronaca.it\/wordpress\/wp-content\/uploads\/2015\/11\/o-ANGELINO-ALFANO-facebook-300x262.jpg\" srcset=\"https:\/\/www.leccecronaca.it\/wordpress\/wp-content\/uploads\/2015\/11\/o-ANGELINO-ALFANO-facebook-300x262.jpg 300w, https:\/\/www.leccecronaca.it\/wordpress\/wp-content\/uploads\/2015\/11\/o-ANGELINO-ALFANO-facebook-1024x896.jpg 1024w, https:\/\/www.leccecronaca.it\/wordpress\/wp-content\/uploads\/2015\/11\/o-ANGELINO-ALFANO-facebook.jpg 1536w\" sizes=\"(max-width: 300px) 100vw, 300px\" \/><\/a>(Rdl)______Il ministro dell&#8217; interno sar\u00e0 a Lecce venerd\u00ec 27. Angelino Alfano chiuder\u00e0 i lavori della tavola rotonda &#8220;La notte fragile &#8211; Sicurezza e salute&#8221;, prevista dalle 15 alle 19, nell&#8217; ambito del convegno &#8220;Tenera \u00e8 la notte. Cultura, diritti ed economia&#8221;, organizzato dall&#8217; associazione comuni d&#8217; Italia, al Castello Carlo v.<\/p>\n<fb:like href='https:\/\/www.leccecronaca.it\/index.php\/2015\/11\/26\/il-ministro-dell-interno-a-lecce-venerdi-27\/' send='true' layout='button_count' show_faces='true' width='450' height='65' action='recommend' colorscheme='light' font='lucida grande'><\/fb:like><span class=\"fb_share\"><fb:like href=\"https:\/\/www.leccecronaca.it\/index.php\/2015\/11\/26\/il-ministro-dell-interno-a-lecce-venerdi-27\/\" layout=\"button_count\"><\/fb:like><\/span>","protected":false},"excerpt":{"rendered":"<p>(Rdl)______Il ministro dell&#8217; interno sar\u00e0 a Lecce venerd\u00ec 27. Angelino Alfano chiuder\u00e0 i lavori della tavola rotonda &#8220;La notte fragile &#8211; Sicurezza e salute&#8221;, prevista dalle 15 alle 19, nell&#8217; ambito del convegno &#8220;Tenera \u00e8 la notte. Cultura, diritti ed economia&#8221;, organizzato dall&#8217; associazione comuni d&#8217; Italia, al Castello Carlo v.<\/p>\n","protected":false},"author":4,"featured_media":66286,"comment_status":"open","ping_status":"closed","sticky":false,"template":"","format":"standard","meta":[],"categories":[76],"tags":[],"_links":{"self":[{"href":"https:\/\/www.leccecronaca.it\/index.php\/wp-json\/wp\/v2\/posts\/66285"}],"collection":[{"href":"https:\/\/www.leccecronaca.it\/index.php\/wp-json\/wp\/v2\/posts"}],"about":[{"href":"https:\/\/www.leccecronaca.it\/index.php\/wp-json\/wp\/v2\/types\/post"}],"author":[{"embeddable":true,"href":"https:\/\/www.leccecronaca.it\/index.php\/wp-json\/wp\/v2\/users\/4"}],"replies":[{"embeddable":true,"href":"https:\/\/www.leccecronaca.it\/index.php\/wp-json\/wp\/v2\/comments?post=66285"}],"version-history":[{"count":3,"href":"https:\/\/www.leccecronaca.it\/index.php\/wp-json\/wp\/v2\/posts\/66285\/revisions"}],"predecessor-version":[{"id":66288,"href":"https:\/\/www.leccecronaca.it\/index.php\/wp-json\/wp\/v2\/posts\/66285\/revisions\/66288"}],"wp:featuredmedia":[{"embeddable":true,"href":"https:\/\/www.leccecronaca.it\/index.php\/wp-json\/wp\/v2\/media\/66286"}],"wp:attachment":[{"href":"https:\/\/www.leccecronaca.it\/index.php\/wp-json\/wp\/v2\/media?parent=66285"}],"wp:term":[{"taxonomy":"category","embeddable":true,"href":"https:\/\/www.leccecronaca.it\/index.php\/wp-json\/wp\/v2\/categories?post=66285"},{"taxonomy":"post_tag","embeddable":true,"href":"https:\/\/www.leccecronaca.it\/index.php\/wp-json\/wp\/v2\/tags?post=66285"}],"curies":[{"name":"wp","href":"https:\/\/api.w.org\/{rel}","templated":true}]}}