{"id":66465,"date":"2015-11-27T07:41:41","date_gmt":"2015-11-27T06:41:41","guid":{"rendered":"http:\/\/www.leccecronaca.it\/?p=66465"},"modified":"2015-11-27T16:21:59","modified_gmt":"2015-11-27T15:21:59","slug":"iniziativa-contro-la-pena-di-morte","status":"publish","type":"post","link":"https:\/\/www.leccecronaca.it\/index.php\/2015\/11\/27\/iniziativa-contro-la-pena-di-morte\/","title":{"rendered":"INIZIATIVA CONTRO LA PENA DI MORTE"},"content":{"rendered":"<p><a href=\"https:\/\/www.leccecronaca.it\/wordpress\/wp-content\/uploads\/2015\/11\/pena-di-morte1.jpg\"><img decoding=\"async\" loading=\"lazy\" width=\"251\" height=\"247\" title=\"pena-di-morte1\" class=\"alignright size-full wp-image-66466\" alt=\"\" src=\"https:\/\/www.leccecronaca.it\/wordpress\/wp-content\/uploads\/2015\/11\/pena-di-morte1.jpg\" \/><\/a>Riceviamo e volentieri pubblichiamo. L&#8217; ufficio- stampa del Comune\u00a0rende noto______<\/p>\n<p>Lecce aderisce, dal 2010, alla campagna mondiale &#8220;Citt\u00e0 per la vita &#8211; citt\u00e0 contro la pena di morte&#8221;, promossa dalla Comunit\u00e0 di Sant\u2019Egidio a cui aderiscono moltissime istituzioni ed associazioni tra cui quella dei comuni italiani.<\/p>\n<p>Le citt\u00e0 del pianeta che aderiscono all\u2019iniziativa illumineranno una piazza o un monumento pubblico per dire il loro S\u00ec alla vita ed un deciso No\u201d alla pena di morte.<\/p>\n<p>Anche per questa edizione, nella serata di luned\u00ec 30 novembre, a partire dalle 17.30, \u201cLecce citt\u00e0 per la vita\u201d illuminer\u00e0 di bianco il Sedile di piazza Sant&#8217;Oronzo.<\/p>\n<p>Durante la serata Amnesty International &#8211; sezione Lecce &#8211; sar\u00e0 presente con una postazione per effettuare con i propri volontari una raccolta di firme per rivolgere un appello alle autorit\u00e0 malesi in favore di un giovane condannato a morte per possesso di droga.<\/p>\n<p>&nbsp;<\/p>\n<fb:like href='https:\/\/www.leccecronaca.it\/index.php\/2015\/11\/27\/iniziativa-contro-la-pena-di-morte\/' send='true' layout='button_count' show_faces='true' width='450' height='65' action='recommend' colorscheme='light' font='lucida grande'><\/fb:like><span class=\"fb_share\"><fb:like href=\"https:\/\/www.leccecronaca.it\/index.php\/2015\/11\/27\/iniziativa-contro-la-pena-di-morte\/\" layout=\"button_count\"><\/fb:like><\/span>","protected":false},"excerpt":{"rendered":"<p>Riceviamo e volentieri pubblichiamo. L&#8217; ufficio- stampa del Comune\u00a0rende noto______ Lecce aderisce, dal 2010, alla campagna mondiale &#8220;Citt\u00e0 per la vita &#8211; citt\u00e0 contro la pena di morte&#8221;, promossa dalla Comunit\u00e0 di Sant\u2019Egidio a cui aderiscono moltissime istituzioni ed associazioni tra cui quella dei comuni italiani. Le citt\u00e0 del pianeta che aderiscono all\u2019iniziativa illumineranno una [&hellip;]<\/p>\n","protected":false},"author":4,"featured_media":66466,"comment_status":"open","ping_status":"closed","sticky":false,"template":"","format":"standard","meta":[],"categories":[36],"tags":[],"_links":{"self":[{"href":"https:\/\/www.leccecronaca.it\/index.php\/wp-json\/wp\/v2\/posts\/66465"}],"collection":[{"href":"https:\/\/www.leccecronaca.it\/index.php\/wp-json\/wp\/v2\/posts"}],"about":[{"href":"https:\/\/www.leccecronaca.it\/index.php\/wp-json\/wp\/v2\/types\/post"}],"author":[{"embeddable":true,"href":"https:\/\/www.leccecronaca.it\/index.php\/wp-json\/wp\/v2\/users\/4"}],"replies":[{"embeddable":true,"href":"https:\/\/www.leccecronaca.it\/index.php\/wp-json\/wp\/v2\/comments?post=66465"}],"version-history":[{"count":1,"href":"https:\/\/www.leccecronaca.it\/index.php\/wp-json\/wp\/v2\/posts\/66465\/revisions"}],"predecessor-version":[{"id":66467,"href":"https:\/\/www.leccecronaca.it\/index.php\/wp-json\/wp\/v2\/posts\/66465\/revisions\/66467"}],"wp:featuredmedia":[{"embeddable":true,"href":"https:\/\/www.leccecronaca.it\/index.php\/wp-json\/wp\/v2\/media\/66466"}],"wp:attachment":[{"href":"https:\/\/www.leccecronaca.it\/index.php\/wp-json\/wp\/v2\/media?parent=66465"}],"wp:term":[{"taxonomy":"category","embeddable":true,"href":"https:\/\/www.leccecronaca.it\/index.php\/wp-json\/wp\/v2\/categories?post=66465"},{"taxonomy":"post_tag","embeddable":true,"href":"https:\/\/www.leccecronaca.it\/index.php\/wp-json\/wp\/v2\/tags?post=66465"}],"curies":[{"name":"wp","href":"https:\/\/api.w.org\/{rel}","templated":true}]}}