{"id":66468,"date":"2015-11-27T07:40:41","date_gmt":"2015-11-27T06:40:41","guid":{"rendered":"http:\/\/www.leccecronaca.it\/?p=66468"},"modified":"2015-11-27T16:34:38","modified_gmt":"2015-11-27T15:34:38","slug":"marcia-per-il-clima","status":"publish","type":"post","link":"https:\/\/www.leccecronaca.it\/index.php\/2015\/11\/27\/marcia-per-il-clima\/","title":{"rendered":"MARCIA PER IL CLIMA"},"content":{"rendered":"<p><a href=\"https:\/\/www.leccecronaca.it\/wordpress\/wp-content\/uploads\/2015\/11\/marcia-per-il-clima.jpg\"><img decoding=\"async\" loading=\"lazy\" width=\"300\" height=\"193\" title=\"marcia-per-il-clima\" class=\"alignright size-medium wp-image-66469\" alt=\"\" src=\"https:\/\/www.leccecronaca.it\/wordpress\/wp-content\/uploads\/2015\/11\/marcia-per-il-clima-300x193.jpg\" srcset=\"https:\/\/www.leccecronaca.it\/wordpress\/wp-content\/uploads\/2015\/11\/marcia-per-il-clima-300x193.jpg 300w, https:\/\/www.leccecronaca.it\/wordpress\/wp-content\/uploads\/2015\/11\/marcia-per-il-clima.jpg 784w\" sizes=\"(max-width: 300px) 100vw, 300px\" \/><\/a>Riceviamo e volentieri pubblichiamo. Dall&#8217; assessorato alle politiche ambientali, Cristian Carpentieri ci scrive______<\/p>\n<p>Anche quest\u2019anno Lecce marcer\u00e0 contro i cambiamenti climatici. La Marcia per il Clima partir\u00e0 da Porta Napoli alle ore 11 di domenica mattina per arrivare in Piazza Sant\u2019Oronzo, ricongiungendosi con una biciclettata la cui partenza \u00e8 prevista, invece, alle ore 10, sempre da Porta Napoli.<\/p>\n<p>Sar\u00e0 proprio nella piazza pi\u00f9 importante di Lecce che l\u2019Assessore Andrea Guido, delegato alle Politiche Ambientali, al termine della marcia e della biciclettata, sottoscriver\u00e0, su delega del Sindaco, il famoso Mayors Adapt, l\u2019iniziativa del Patto dei Sindaci (il principale movimento europeo che vede coinvolte le autorit\u00e0 locali e regionali impegnate ad aumentare l\u2019efficienza energetica e l\u2019utilizzo di fonti energetiche rinnovabili nei loro territori) sull\u2019adattamento al cambiamento climatico.<\/p>\n<p>Quest\u2019anno l\u2019importanza di mobilitarsi il 29 novembre avr\u00e0 un valore enorme. Il giorno dopo partiranno, infatti, i lavori della COP21 di Parigi, la Conferenza Onu che riunir\u00e0 il pi\u00f9 ampio numero di Paesi mondiali con l\u2019intento di raggiungere finalmente accordi rapidi, vincolanti ed efficaci per contrastare l\u2019innalzamento della temperatura globale, agendo su quelle che ne sono riconosciute universalmente le cause, prima tra tutte il livello di emissioni climalteranti dell\u2019industria, dei trasporti, di una agricoltura intensiva e massicciamente legata a prodotti chimici aggressivi e nocivi.<\/p>\n<p>Come l\u2019anno scorso la manifestazione si svolger\u00e0 in contemporanea con il Mondo intero.<\/p>\n<p>Se lo scorso anno furono quasi in 700.000 a dare vita a cortei, esibizioni, iniziative, raccolte di firme, da New York a Mosca, da Parigi a Berlino, quest\u2019anno i pronostici parlano di diversi milioni di cittadini che dimostreranno cos\u00ec la loro attenzione al tema, nella speranza di poter fare sentire la loro pressione a coloro che si troveranno, senza retorica, a dover decidere del destino del Pianeta.<\/p>\n<p>\u201cCon queste iniziative vogliamo fare in modo che Lecce dica la sua in maniera decisa \u2013 ha commentato l\u2019Assessore Guido &#8211; Le amministrazioni locali, in tutte le situazioni socioeconomiche e aree geografiche, sono vulnerabili ai vari impatti dei cambiamenti climatici, come ad esempio gli eventi meteorologici estremi, quali le ondate di calore, le tempeste, le inondazioni e la siccit\u00e0, nonch\u00e9 i cambiamenti a lungo termine, come le perdite economiche e i problemi di sanit\u00e0 pubblica. Per questo motivo siamo convinti che i comuni costituiscano gli attori fondamentali nell&#8217;attuazione delle misure di adattamento e possano migliorare la capacit\u00e0 complessiva di resilienza dei territori nei settori quali l&#8217;ambiente, la pianificazione territoriale, la sanit\u00e0 pubblica, la protezione civile, la gestione del rischio, l&#8217;approvvigionamento di energia e di acqua. Le azioni di adattamento \u2013 conclude Guido &#8211; offriranno nuove opportunit\u00e0 per migliorare la qualit\u00e0 di vita dei nostri cittadini e promuovere uno sviluppo urbano sostenibile, stimolando gli investimenti e l&#8217;innovazione\u201d.<\/p>\n<p>&nbsp;<\/p>\n<p>&nbsp;<\/p>\n<p>&nbsp;<\/p>\n<p>&nbsp;<\/p>\n<p>&#8212;&#8212;&#8212;&#8212;&#8212;&#8212;&#8212;&#8212;<\/p>\n<p>Comune di Lecce<\/p>\n<p>Cristian Carpentieri<\/p>\n<p>Assessorato alle Politiche Ambientali<\/p>\n<p>&#8212;&#8212;&#8212;&#8212;&#8212;&#8212;&#8212;&#8212;&#8212;&#8212;&#8212;&#8212;&#8212;&#8212;&#8212;&#8212;&#8212;&#8212;&#8212;&#8212;<\/p>\n<p>mail address: cristiancarpentieri@gmail.com<\/p>\n<p>social: facebook.com\/politicheambientali.lecce<\/p>\n<p>&nbsp;<\/p>\n<p>&nbsp;<\/p>\n<p>&nbsp;<\/p>\n<fb:like href='https:\/\/www.leccecronaca.it\/index.php\/2015\/11\/27\/marcia-per-il-clima\/' send='true' layout='button_count' show_faces='true' width='450' height='65' action='recommend' colorscheme='light' font='lucida grande'><\/fb:like><span class=\"fb_share\"><fb:like href=\"https:\/\/www.leccecronaca.it\/index.php\/2015\/11\/27\/marcia-per-il-clima\/\" layout=\"button_count\"><\/fb:like><\/span>","protected":false},"excerpt":{"rendered":"<p>Riceviamo e volentieri pubblichiamo. Dall&#8217; assessorato alle politiche ambientali, Cristian Carpentieri ci scrive______ Anche quest\u2019anno Lecce marcer\u00e0 contro i cambiamenti climatici. La Marcia per il Clima partir\u00e0 da Porta Napoli alle ore 11 di domenica mattina per arrivare in Piazza Sant\u2019Oronzo, ricongiungendosi con una biciclettata la cui partenza \u00e8 prevista, invece, alle ore 10, sempre [&hellip;]<\/p>\n","protected":false},"author":4,"featured_media":66469,"comment_status":"open","ping_status":"closed","sticky":false,"template":"","format":"standard","meta":[],"categories":[75],"tags":[],"_links":{"self":[{"href":"https:\/\/www.leccecronaca.it\/index.php\/wp-json\/wp\/v2\/posts\/66468"}],"collection":[{"href":"https:\/\/www.leccecronaca.it\/index.php\/wp-json\/wp\/v2\/posts"}],"about":[{"href":"https:\/\/www.leccecronaca.it\/index.php\/wp-json\/wp\/v2\/types\/post"}],"author":[{"embeddable":true,"href":"https:\/\/www.leccecronaca.it\/index.php\/wp-json\/wp\/v2\/users\/4"}],"replies":[{"embeddable":true,"href":"https:\/\/www.leccecronaca.it\/index.php\/wp-json\/wp\/v2\/comments?post=66468"}],"version-history":[{"count":2,"href":"https:\/\/www.leccecronaca.it\/index.php\/wp-json\/wp\/v2\/posts\/66468\/revisions"}],"predecessor-version":[{"id":66471,"href":"https:\/\/www.leccecronaca.it\/index.php\/wp-json\/wp\/v2\/posts\/66468\/revisions\/66471"}],"wp:featuredmedia":[{"embeddable":true,"href":"https:\/\/www.leccecronaca.it\/index.php\/wp-json\/wp\/v2\/media\/66469"}],"wp:attachment":[{"href":"https:\/\/www.leccecronaca.it\/index.php\/wp-json\/wp\/v2\/media?parent=66468"}],"wp:term":[{"taxonomy":"category","embeddable":true,"href":"https:\/\/www.leccecronaca.it\/index.php\/wp-json\/wp\/v2\/categories?post=66468"},{"taxonomy":"post_tag","embeddable":true,"href":"https:\/\/www.leccecronaca.it\/index.php\/wp-json\/wp\/v2\/tags?post=66468"}],"curies":[{"name":"wp","href":"https:\/\/api.w.org\/{rel}","templated":true}]}}