{"id":66486,"date":"2015-11-28T00:07:28","date_gmt":"2015-11-27T23:07:28","guid":{"rendered":"http:\/\/www.leccecronaca.it\/?p=66486"},"modified":"2015-11-27T21:13:26","modified_gmt":"2015-11-27T20:13:26","slug":"da-farediario-del-giorno-prima-il-tam-tam-di-francesco-2","status":"publish","type":"post","link":"https:\/\/www.leccecronaca.it\/index.php\/2015\/11\/28\/da-farediario-del-giorno-prima-il-tam-tam-di-francesco-2\/","title":{"rendered":"DIARIO DEL GIORNO PRIMA \/ IL TAM TAM DI FRANCESCO"},"content":{"rendered":"<p><a href=\"https:\/\/www.leccecronaca.it\/wordpress\/wp-content\/uploads\/2015\/11\/Calo-nascite.jpg\"><img decoding=\"async\" loading=\"lazy\" width=\"300\" height=\"183\" title=\"Calo-nascite\" class=\"alignright size-medium wp-image-66525\" alt=\"\" src=\"https:\/\/www.leccecronaca.it\/wordpress\/wp-content\/uploads\/2015\/11\/Calo-nascite-300x183.jpg\" srcset=\"https:\/\/www.leccecronaca.it\/wordpress\/wp-content\/uploads\/2015\/11\/Calo-nascite-300x183.jpg 300w, https:\/\/www.leccecronaca.it\/wordpress\/wp-content\/uploads\/2015\/11\/Calo-nascite.jpg 1000w\" sizes=\"(max-width: 300px) 100vw, 300px\" \/><\/a>ITALIA______ Natalit\u00e0 sempre pi\u00f9 in calo, per la prima volta nel 2014 sono stati meno di quattrocentomila, il dato minimo dall&#8217; Unit\u00e0,\u00a0i nuovi Italiani venuti al mondo, contro i 502.000 circa dell&#8217; anno precedente. Cambia anche la famiglia: pi\u00f9 di un quarto dei nuovi nati \u00e8 stato generato da genitori non sposati.<\/p>\n<p>&nbsp;<\/p>\n<p>MONDO______\u00a0&#8220;<em>Anche in Vaticano ci sono casi di corruzione. Ci entra dentro come lo zucchero, \u00e8 dolce, ci piace, \u00e8 facile. E poi finiamo male, facciamo una brutta fine.\u00a0Finiamo diabetici o il nostro paese finisce per ammalarsi<\/em>&#8220;.\u00a0Una denuncia forte quella fatta in mattinata da Papa Francesco allo stadio di Nairobi, capitale del Kenya, nel corso del suo viaggio in Africa. &#8220;<em>Ogni volta che accettiamo una tangente, distruggiamo il nostro cuore, la nostra personalit\u00e0 e la nostra patria<\/em>&#8220;.<\/p>\n<p>Nel pomeriggio Bergoglio\u00a0ha raggiunto\u00a0Entebbe, in Uganda, dove ha affrontato il tema dei migranti: &#8220;<em>Il nostro mondo, segnato da guerre, violenze e diverse forme di ingiustizia, \u00e8 testimone di un movimento migratorio di popoli senza precedenti: il modo in cui affrontiamo tale fenomeno\u00a0\u00e8 una prova della nostra umanit\u00e0, del nostro rispetto della dignit\u00e0 umana e, prima ancora, della nostra solidariet\u00e0 con i fratelli e le sorelle nel bisogno&#8221;. <\/em>E ha poi aggiunto<em>.:&#8221;Pochi ricchi emarginano molti poveri&#8221;.<\/em><\/p>\n<fb:like href='https:\/\/www.leccecronaca.it\/index.php\/2015\/11\/28\/da-farediario-del-giorno-prima-il-tam-tam-di-francesco-2\/' send='true' layout='button_count' show_faces='true' width='450' height='65' action='recommend' colorscheme='light' font='lucida grande'><\/fb:like><span class=\"fb_share\"><fb:like href=\"https:\/\/www.leccecronaca.it\/index.php\/2015\/11\/28\/da-farediario-del-giorno-prima-il-tam-tam-di-francesco-2\/\" layout=\"button_count\"><\/fb:like><\/span>","protected":false},"excerpt":{"rendered":"<p>ITALIA______ Natalit\u00e0 sempre pi\u00f9 in calo, per la prima volta nel 2014 sono stati meno di quattrocentomila, il dato minimo dall&#8217; Unit\u00e0,\u00a0i nuovi Italiani venuti al mondo, contro i 502.000 circa dell&#8217; anno precedente. Cambia anche la famiglia: pi\u00f9 di un quarto dei nuovi nati \u00e8 stato generato da genitori non sposati. &nbsp; MONDO______\u00a0&#8220;Anche in [&hellip;]<\/p>\n","protected":false},"author":4,"featured_media":66525,"comment_status":"open","ping_status":"closed","sticky":false,"template":"","format":"standard","meta":[],"categories":[1],"tags":[],"_links":{"self":[{"href":"https:\/\/www.leccecronaca.it\/index.php\/wp-json\/wp\/v2\/posts\/66486"}],"collection":[{"href":"https:\/\/www.leccecronaca.it\/index.php\/wp-json\/wp\/v2\/posts"}],"about":[{"href":"https:\/\/www.leccecronaca.it\/index.php\/wp-json\/wp\/v2\/types\/post"}],"author":[{"embeddable":true,"href":"https:\/\/www.leccecronaca.it\/index.php\/wp-json\/wp\/v2\/users\/4"}],"replies":[{"embeddable":true,"href":"https:\/\/www.leccecronaca.it\/index.php\/wp-json\/wp\/v2\/comments?post=66486"}],"version-history":[{"count":3,"href":"https:\/\/www.leccecronaca.it\/index.php\/wp-json\/wp\/v2\/posts\/66486\/revisions"}],"predecessor-version":[{"id":66488,"href":"https:\/\/www.leccecronaca.it\/index.php\/wp-json\/wp\/v2\/posts\/66486\/revisions\/66488"}],"wp:featuredmedia":[{"embeddable":true,"href":"https:\/\/www.leccecronaca.it\/index.php\/wp-json\/wp\/v2\/media\/66525"}],"wp:attachment":[{"href":"https:\/\/www.leccecronaca.it\/index.php\/wp-json\/wp\/v2\/media?parent=66486"}],"wp:term":[{"taxonomy":"category","embeddable":true,"href":"https:\/\/www.leccecronaca.it\/index.php\/wp-json\/wp\/v2\/categories?post=66486"},{"taxonomy":"post_tag","embeddable":true,"href":"https:\/\/www.leccecronaca.it\/index.php\/wp-json\/wp\/v2\/tags?post=66486"}],"curies":[{"name":"wp","href":"https:\/\/api.w.org\/{rel}","templated":true}]}}