{"id":66548,"date":"2016-03-25T00:08:49","date_gmt":"2016-03-24T23:08:49","guid":{"rendered":"http:\/\/www.leccecronaca.it\/?p=66548"},"modified":"2016-03-23T11:27:35","modified_gmt":"2016-03-23T10:27:35","slug":"diario-del-giorno-dopo-libri-il-salento-rock-di-francesca-malerba-a-galatina-lunedi-30-novembre","status":"publish","type":"post","link":"https:\/\/www.leccecronaca.it\/index.php\/2016\/03\/25\/diario-del-giorno-dopo-libri-il-salento-rock-di-francesca-malerba-a-galatina-lunedi-30-novembre\/","title":{"rendered":"DIARIO DEL GIORNO DOPO \/ LIBRI \/ IL SALENTO ROCK DI FRANCESCA MALERBA A LECCE SABATO 26"},"content":{"rendered":"<p><img decoding=\"async\" loading=\"lazy\" width=\"659\" height=\"659\" title=\"1510371_10206869801414706_1678767899705681903_n\" class=\"alignleft size-full wp-image-66549\" alt=\"\" src=\"https:\/\/www.leccecronaca.it\/wordpress\/wp-content\/uploads\/2015\/11\/1510371_10206869801414706_1678767899705681903_n.jpg\" srcset=\"https:\/\/www.leccecronaca.it\/wordpress\/wp-content\/uploads\/2015\/11\/1510371_10206869801414706_1678767899705681903_n.jpg 659w, https:\/\/www.leccecronaca.it\/wordpress\/wp-content\/uploads\/2015\/11\/1510371_10206869801414706_1678767899705681903_n-150x150.jpg 150w, https:\/\/www.leccecronaca.it\/wordpress\/wp-content\/uploads\/2015\/11\/1510371_10206869801414706_1678767899705681903_n-300x300.jpg 300w\" sizes=\"(max-width: 659px) 100vw, 659px\" \/><\/p>\n<p>&nbsp;<\/p>\n<p>&nbsp;<\/p>\n<p>&nbsp;<\/p>\n<p>&nbsp;<\/p>\n<p>&nbsp;<\/p>\n<p>&nbsp;<\/p>\n<p>&nbsp;<\/p>\n<p>&nbsp;<\/p>\n<p>&nbsp;<\/p>\n<p>&nbsp;<\/p>\n<p>&nbsp;<\/p>\n<p>&nbsp;<\/p>\n<p>&nbsp;<\/p>\n<p>&nbsp;<\/p>\n<p>&nbsp;<\/p>\n<p>&nbsp;<\/p>\n<p>&nbsp;<\/p>\n<p>&nbsp;<\/p>\n<p>&nbsp;<\/p>\n<p>&nbsp;<\/p>\n<p>&nbsp;<\/p>\n<p>Sabato 26 marzo,\u00a0alle\u00a018.30\u00a0a\u00a0Lecce, alle Officine Culturali Ergot, in piazzetta Falconieri 1b &#8211; ci sar\u00e0 la presentazione del romanzo di\u00a0Francesca Malerba,\u00a0&#8220;Salento Rock. Andati via senza salutare&#8221; edito da Kurumuny.\u00a0Dialogano con l&#8217;autrice gli scrittori\u00a0Davide Potente\u00a0e\u00a0Gianluca Ricciato<strong>.<\/strong><\/p>\n<p>Il romanzo racconta una storia ambientata a Galatina alla fine degli anni Ottanta, quando, ben prima del &#8220;boom&#8221; che ne far\u00e0 una cartolina patinata per turisti, il Salento \u00e8 tutto preso dallo sforzo una spolverata di modernit\u00e0, finendo per perdere la propria identit\u00e0 legata alla civilt\u00e0 contadina, con i suoi giovani drammaticamente in bilico fra voglia di affermazione, isolamento, velleit\u00e0 sociali, musica rock e uso di sostanze stupefacenti.<\/p>\n<p>L&#8217; autrice \u00e8 nata a Galatina, ha 38 anni e lavora a Roma come ricercatrice scientifica\u00a0nell\u2019Istituto di Neuroscienze.<\/p>\n<fb:like href='https:\/\/www.leccecronaca.it\/index.php\/2016\/03\/25\/diario-del-giorno-dopo-libri-il-salento-rock-di-francesca-malerba-a-galatina-lunedi-30-novembre\/' send='true' layout='button_count' show_faces='true' width='450' height='65' action='recommend' colorscheme='light' font='lucida grande'><\/fb:like><span class=\"fb_share\"><fb:like href=\"https:\/\/www.leccecronaca.it\/index.php\/2016\/03\/25\/diario-del-giorno-dopo-libri-il-salento-rock-di-francesca-malerba-a-galatina-lunedi-30-novembre\/\" layout=\"button_count\"><\/fb:like><\/span>","protected":false},"excerpt":{"rendered":"<p>&nbsp; &nbsp; &nbsp; &nbsp; &nbsp; &nbsp; &nbsp; &nbsp; &nbsp; &nbsp; &nbsp; &nbsp; &nbsp; &nbsp; &nbsp; &nbsp; &nbsp; &nbsp; &nbsp; &nbsp; &nbsp; Sabato 26 marzo,\u00a0alle\u00a018.30\u00a0a\u00a0Lecce, alle Officine Culturali Ergot, in piazzetta Falconieri 1b &#8211; ci sar\u00e0 la presentazione del romanzo di\u00a0Francesca Malerba,\u00a0&#8220;Salento Rock. Andati via senza salutare&#8221; edito da Kurumuny.\u00a0Dialogano con l&#8217;autrice gli scrittori\u00a0Davide Potente\u00a0e\u00a0Gianluca Ricciato. [&hellip;]<\/p>\n","protected":false},"author":4,"featured_media":66549,"comment_status":"open","ping_status":"closed","sticky":false,"template":"","format":"standard","meta":[],"categories":[75],"tags":[],"_links":{"self":[{"href":"https:\/\/www.leccecronaca.it\/index.php\/wp-json\/wp\/v2\/posts\/66548"}],"collection":[{"href":"https:\/\/www.leccecronaca.it\/index.php\/wp-json\/wp\/v2\/posts"}],"about":[{"href":"https:\/\/www.leccecronaca.it\/index.php\/wp-json\/wp\/v2\/types\/post"}],"author":[{"embeddable":true,"href":"https:\/\/www.leccecronaca.it\/index.php\/wp-json\/wp\/v2\/users\/4"}],"replies":[{"embeddable":true,"href":"https:\/\/www.leccecronaca.it\/index.php\/wp-json\/wp\/v2\/comments?post=66548"}],"version-history":[{"count":6,"href":"https:\/\/www.leccecronaca.it\/index.php\/wp-json\/wp\/v2\/posts\/66548\/revisions"}],"predecessor-version":[{"id":73754,"href":"https:\/\/www.leccecronaca.it\/index.php\/wp-json\/wp\/v2\/posts\/66548\/revisions\/73754"}],"wp:featuredmedia":[{"embeddable":true,"href":"https:\/\/www.leccecronaca.it\/index.php\/wp-json\/wp\/v2\/media\/66549"}],"wp:attachment":[{"href":"https:\/\/www.leccecronaca.it\/index.php\/wp-json\/wp\/v2\/media?parent=66548"}],"wp:term":[{"taxonomy":"category","embeddable":true,"href":"https:\/\/www.leccecronaca.it\/index.php\/wp-json\/wp\/v2\/categories?post=66548"},{"taxonomy":"post_tag","embeddable":true,"href":"https:\/\/www.leccecronaca.it\/index.php\/wp-json\/wp\/v2\/tags?post=66548"}],"curies":[{"name":"wp","href":"https:\/\/api.w.org\/{rel}","templated":true}]}}