{"id":66669,"date":"2015-12-05T01:01:47","date_gmt":"2015-12-05T00:01:47","guid":{"rendered":"http:\/\/www.leccecronaca.it\/?p=66669"},"modified":"2015-11-29T18:58:26","modified_gmt":"2015-11-29T17:58:26","slug":"diario-del-giorno-dopo-musica-recital-delle-soprano-gloria-dascensi-ylenia-longo-e-annalisa-ragione","status":"publish","type":"post","link":"https:\/\/www.leccecronaca.it\/index.php\/2015\/12\/05\/diario-del-giorno-dopo-musica-recital-delle-soprano-gloria-dascensi-ylenia-longo-e-annalisa-ragione\/","title":{"rendered":"DIARIO DEL GIORNO DOPO \/ MUSICA \/ RECITAL DELLE SOPRANO GLORIA DASCENSI, YLENIA LONGO E ANNALISA RAGIONE A LECCE DOMENICA 6"},"content":{"rendered":"<p><a href=\"https:\/\/www.leccecronaca.it\/wordpress\/wp-content\/uploads\/2015\/11\/40617_105465529510455_1491470_n.jpg\"><img decoding=\"async\" loading=\"lazy\" width=\"168\" height=\"300\" title=\"40617_105465529510455_1491470_n\" class=\"alignleft size-medium wp-image-66671\" alt=\"\" src=\"https:\/\/www.leccecronaca.it\/wordpress\/wp-content\/uploads\/2015\/11\/40617_105465529510455_1491470_n-168x300.jpg\" srcset=\"https:\/\/www.leccecronaca.it\/wordpress\/wp-content\/uploads\/2015\/11\/40617_105465529510455_1491470_n-168x300.jpg 168w, https:\/\/www.leccecronaca.it\/wordpress\/wp-content\/uploads\/2015\/11\/40617_105465529510455_1491470_n.jpg 303w\" sizes=\"(max-width: 168px) 100vw, 168px\" \/><\/a>Domenica 6 dicembre, alle 19.30, a Lecce, presso la biblioteca &#8220;Roberto Caracciolo&#8221;, in via Imperatore Adriano, 79, ci sar\u00e0 un concerto promosso\u00a0dal Conservatorio \u201cTito Schipa\u201d.<\/p>\n<p>Protagoniste del gal\u00e0 lirico saranno Gloria Dascensi,\u00a0Ylenia Longo, e Annalisa Ragione, tre giovani soprano che si avvicenderanno in un variegato programma vocale, col sostegno del\u00a0maestro Valerio de Giorgi (nella foto) al pianoforte.<\/p>\n<p>La serata, che offrir\u00e0 al pubblico alcune tra le pi\u00f9 belle pagine del repertorio lirico e da camera, si aprir\u00e0 con la preghiera della spaurita Anna \u201cGiusto ciel, in tal periglio\u201d, dall\u2019opera seria Maometto II di Gioachino Rossini; seguir\u00e0 l\u2019aria \u201cQuel sangue versato\u201d, dal &#8220;Roberto Devereux&#8221; di Gaetano Donizetti; poi\u00a0il celeberrimo Preludio della Traviata di Giuseppe Verdi per pianoforte, e tanti altri brani famosi.<\/p>\n<p>Ingresso libero.<\/p>\n<p>&nbsp;<\/p>\n<p>&nbsp;<\/p>\n<fb:like href='https:\/\/www.leccecronaca.it\/index.php\/2015\/12\/05\/diario-del-giorno-dopo-musica-recital-delle-soprano-gloria-dascensi-ylenia-longo-e-annalisa-ragione\/' send='true' layout='button_count' show_faces='true' width='450' height='65' action='recommend' colorscheme='light' font='lucida grande'><\/fb:like><span class=\"fb_share\"><fb:like href=\"https:\/\/www.leccecronaca.it\/index.php\/2015\/12\/05\/diario-del-giorno-dopo-musica-recital-delle-soprano-gloria-dascensi-ylenia-longo-e-annalisa-ragione\/\" layout=\"button_count\"><\/fb:like><\/span>","protected":false},"excerpt":{"rendered":"<p>Domenica 6 dicembre, alle 19.30, a Lecce, presso la biblioteca &#8220;Roberto Caracciolo&#8221;, in via Imperatore Adriano, 79, ci sar\u00e0 un concerto promosso\u00a0dal Conservatorio \u201cTito Schipa\u201d. Protagoniste del gal\u00e0 lirico saranno Gloria Dascensi,\u00a0Ylenia Longo, e Annalisa Ragione, tre giovani soprano che si avvicenderanno in un variegato programma vocale, col sostegno del\u00a0maestro Valerio de Giorgi (nella foto) [&hellip;]<\/p>\n","protected":false},"author":4,"featured_media":66671,"comment_status":"open","ping_status":"closed","sticky":false,"template":"","format":"standard","meta":[],"categories":[75],"tags":[],"_links":{"self":[{"href":"https:\/\/www.leccecronaca.it\/index.php\/wp-json\/wp\/v2\/posts\/66669"}],"collection":[{"href":"https:\/\/www.leccecronaca.it\/index.php\/wp-json\/wp\/v2\/posts"}],"about":[{"href":"https:\/\/www.leccecronaca.it\/index.php\/wp-json\/wp\/v2\/types\/post"}],"author":[{"embeddable":true,"href":"https:\/\/www.leccecronaca.it\/index.php\/wp-json\/wp\/v2\/users\/4"}],"replies":[{"embeddable":true,"href":"https:\/\/www.leccecronaca.it\/index.php\/wp-json\/wp\/v2\/comments?post=66669"}],"version-history":[{"count":2,"href":"https:\/\/www.leccecronaca.it\/index.php\/wp-json\/wp\/v2\/posts\/66669\/revisions"}],"predecessor-version":[{"id":66673,"href":"https:\/\/www.leccecronaca.it\/index.php\/wp-json\/wp\/v2\/posts\/66669\/revisions\/66673"}],"wp:featuredmedia":[{"embeddable":true,"href":"https:\/\/www.leccecronaca.it\/index.php\/wp-json\/wp\/v2\/media\/66671"}],"wp:attachment":[{"href":"https:\/\/www.leccecronaca.it\/index.php\/wp-json\/wp\/v2\/media?parent=66669"}],"wp:term":[{"taxonomy":"category","embeddable":true,"href":"https:\/\/www.leccecronaca.it\/index.php\/wp-json\/wp\/v2\/categories?post=66669"},{"taxonomy":"post_tag","embeddable":true,"href":"https:\/\/www.leccecronaca.it\/index.php\/wp-json\/wp\/v2\/tags?post=66669"}],"curies":[{"name":"wp","href":"https:\/\/api.w.org\/{rel}","templated":true}]}}