{"id":66762,"date":"2015-12-03T00:06:15","date_gmt":"2015-12-02T23:06:15","guid":{"rendered":"http:\/\/www.leccecronaca.it\/?p=66762"},"modified":"2015-11-30T18:04:45","modified_gmt":"2015-11-30T17:04:45","slug":"grazie-per-la-foto-9","status":"publish","type":"post","link":"https:\/\/www.leccecronaca.it\/index.php\/2015\/12\/03\/grazie-per-la-foto-9\/","title":{"rendered":"GRAZIE PER LA FOTO"},"content":{"rendered":"<p><a href=\"https:\/\/www.leccecronaca.it\/wordpress\/wp-content\/uploads\/2015\/11\/1610973_10206228299259530_433087145287024043_n.jpg\"><img decoding=\"async\" loading=\"lazy\" width=\"450\" height=\"720\" title=\"1610973_10206228299259530_433087145287024043_n\" class=\"alignleft size-full wp-image-66763\" alt=\"\" src=\"https:\/\/www.leccecronaca.it\/wordpress\/wp-content\/uploads\/2015\/11\/1610973_10206228299259530_433087145287024043_n.jpg\" srcset=\"https:\/\/www.leccecronaca.it\/wordpress\/wp-content\/uploads\/2015\/11\/1610973_10206228299259530_433087145287024043_n.jpg 450w, https:\/\/www.leccecronaca.it\/wordpress\/wp-content\/uploads\/2015\/11\/1610973_10206228299259530_433087145287024043_n-187x300.jpg 187w\" sizes=\"(max-width: 450px) 100vw, 450px\" \/><\/a>L&#8217; ultimo &#8220;successo&#8221; sul web, questa foto, di\u00a0Rosario Viola, che ha commosso un po&#8217; tutti scrivendo, accanto alla sua foto, presa (tanto per sfatare un&#8217; idiozia) su un mezzo pubblico di Napoli:<br \/>\n<em>&#8220;E&#8217; difficile non essere banali quando ti trovi davanti a scene del genere.<\/em><br \/>\n<em> Il mio pensiero questa sera va a questo mio sconosciuto amico, beccato nel solito autobus del ritorno a casa.<\/em><br \/>\n<em> Grazie di questa meravigliosa immagine amico mio, e scusa se ti ho rubato una foto, ma \u00e8 pi\u00f9 forte di me, gli eroi mi affascinano e devo fotografarli.<\/em><br \/>\n<em> E sappi che per me eri il pi\u00f9 elegante di tutto l&#8217;autobus, indossavi il vestito della stanchezza e della fatica vera, ed \u00e8 il pi\u00f9 bello di tutti&#8221;.<\/em><\/p>\n<fb:like href='https:\/\/www.leccecronaca.it\/index.php\/2015\/12\/03\/grazie-per-la-foto-9\/' send='true' layout='button_count' show_faces='true' width='450' height='65' action='recommend' colorscheme='light' font='lucida grande'><\/fb:like><span class=\"fb_share\"><fb:like href=\"https:\/\/www.leccecronaca.it\/index.php\/2015\/12\/03\/grazie-per-la-foto-9\/\" layout=\"button_count\"><\/fb:like><\/span>","protected":false},"excerpt":{"rendered":"<p>L&#8217; ultimo &#8220;successo&#8221; sul web, questa foto, di\u00a0Rosario Viola, che ha commosso un po&#8217; tutti scrivendo, accanto alla sua foto, presa (tanto per sfatare un&#8217; idiozia) su un mezzo pubblico di Napoli: &#8220;E&#8217; difficile non essere banali quando ti trovi davanti a scene del genere. Il mio pensiero questa sera va a questo mio sconosciuto [&hellip;]<\/p>\n","protected":false},"author":4,"featured_media":66763,"comment_status":"open","ping_status":"closed","sticky":false,"template":"","format":"standard","meta":[],"categories":[69],"tags":[],"_links":{"self":[{"href":"https:\/\/www.leccecronaca.it\/index.php\/wp-json\/wp\/v2\/posts\/66762"}],"collection":[{"href":"https:\/\/www.leccecronaca.it\/index.php\/wp-json\/wp\/v2\/posts"}],"about":[{"href":"https:\/\/www.leccecronaca.it\/index.php\/wp-json\/wp\/v2\/types\/post"}],"author":[{"embeddable":true,"href":"https:\/\/www.leccecronaca.it\/index.php\/wp-json\/wp\/v2\/users\/4"}],"replies":[{"embeddable":true,"href":"https:\/\/www.leccecronaca.it\/index.php\/wp-json\/wp\/v2\/comments?post=66762"}],"version-history":[{"count":2,"href":"https:\/\/www.leccecronaca.it\/index.php\/wp-json\/wp\/v2\/posts\/66762\/revisions"}],"predecessor-version":[{"id":66765,"href":"https:\/\/www.leccecronaca.it\/index.php\/wp-json\/wp\/v2\/posts\/66762\/revisions\/66765"}],"wp:featuredmedia":[{"embeddable":true,"href":"https:\/\/www.leccecronaca.it\/index.php\/wp-json\/wp\/v2\/media\/66763"}],"wp:attachment":[{"href":"https:\/\/www.leccecronaca.it\/index.php\/wp-json\/wp\/v2\/media?parent=66762"}],"wp:term":[{"taxonomy":"category","embeddable":true,"href":"https:\/\/www.leccecronaca.it\/index.php\/wp-json\/wp\/v2\/categories?post=66762"},{"taxonomy":"post_tag","embeddable":true,"href":"https:\/\/www.leccecronaca.it\/index.php\/wp-json\/wp\/v2\/tags?post=66762"}],"curies":[{"name":"wp","href":"https:\/\/api.w.org\/{rel}","templated":true}]}}