{"id":66940,"date":"2015-12-05T09:30:19","date_gmt":"2015-12-05T08:30:19","guid":{"rendered":"http:\/\/www.leccecronaca.it\/?p=66940"},"modified":"2015-12-05T09:33:28","modified_gmt":"2015-12-05T08:33:28","slug":"una-giovane-artista-di-strada-racconta-a-leccecronaca-it-di-come-abbia-lasciato-il-lavoro-di-impiegata-e-gli-studi-per-seguire-il-suo-sogno-la-passione-per-il-teatro-e-l-unica-cosa-che-non-mi-ha","status":"publish","type":"post","link":"https:\/\/www.leccecronaca.it\/index.php\/2015\/12\/05\/una-giovane-artista-di-strada-racconta-a-leccecronaca-it-di-come-abbia-lasciato-il-lavoro-di-impiegata-e-gli-studi-per-seguire-il-suo-sogno-la-passione-per-il-teatro-e-l-unica-cosa-che-non-mi-ha\/","title":{"rendered":"UNA GIOVANE ARTISTA DI STRADA RACCONTA A LECCECRONACA.IT DI COME ABBIA LASCIATO IL LAVORO DI IMPIEGATA PER SEGUIRE IL SUO SOGNO: &#8220;La passione per il teatro \u00e8 l&#8217; unica cosa che non mi ha mai tradito&#8221;"},"content":{"rendered":"<p><a href=\"https:\/\/www.leccecronaca.it\/wordpress\/wp-content\/uploads\/2015\/12\/fp.jpg\"><img decoding=\"async\" loading=\"lazy\" width=\"960\" height=\"960\" title=\"fp\" class=\"alignleft size-full wp-image-66946\" alt=\"\" src=\"https:\/\/www.leccecronaca.it\/wordpress\/wp-content\/uploads\/2015\/12\/fp.jpg\" srcset=\"https:\/\/www.leccecronaca.it\/wordpress\/wp-content\/uploads\/2015\/12\/fp.jpg 960w, https:\/\/www.leccecronaca.it\/wordpress\/wp-content\/uploads\/2015\/12\/fp-150x150.jpg 150w, https:\/\/www.leccecronaca.it\/wordpress\/wp-content\/uploads\/2015\/12\/fp-300x300.jpg 300w\" sizes=\"(max-width: 960px) 100vw, 960px\" \/><\/a>di <strong>Carlo Infante______<\/strong><\/p>\n<p>Questa estate, a Lecce, all\u2019imbocco di Piazza Duomo, avevamo gi\u00e0 ammirato, circondati da adulti e, soprattutto, da bambini, la performance\u00a0di una giovane artista, \u201cFiore di Pietra\u201d (al secolo Concita Brunetti). Avendola nel frattempo di nuovo incrociata, abbiamo pensato di rintracciarla con calma, per poterle fare alcune domande.<\/p>\n<p>&#8220;Fiore di Pietra&#8221; ha accettato di raccontarsi per i lettori di leccecromaca.it. Ecco quello che ci ha detto.<\/p>\n<p>&#8211; Lei vive nella nostra citt\u00e0. Ma quali sono le sue origini?<\/p>\n<p>&#8211; <strong><em>\u00abSono nata a Napoli, dove mi sono formata culturalmente e teatralmente\u00bb.<\/em><\/strong><\/p>\n<p>&#8211; Da quanto si esibisce a Lecce?<\/p>\n<p>&#8211; <strong><em>\u00abSono arrivata a Lecce in aprile e, dal primo maggio, ho dato vita in maniera completa a \u201cFiore di Pietra\u00bb.<\/em><\/strong><\/p>\n<p>&#8211; Come e quando nacque questa Sua passione?<\/p>\n<p><strong><em>\u00abPer il mimo, il travestimento e le performazioni stradali? Fin dalla pi\u00f9 tenera et\u00e0 la mia passione \u00e8 stata il teatro. Credo di essermi ostinata a voler avere a che fare con questa cosa chiamata teatro fin dalle elementari, ovvero quando la mia maestra mi confinava nel coro perch\u00e9 ero troppo timida. <\/em><\/strong><\/p>\n<p><strong><em>Poi, con gli anni, ho seguito corsi di teatro passando, come tutti, dal teatro vernacolare, per giungere infine al teatro-danza, ed \u00e8 stato l\u00ec che il colpo di fulmine \u00e8 avvenuto. <\/em><\/strong><\/p>\n<p><strong><em>Ho cominciato a studiare mimo (in particolare la tecnica Decroux), proprio in quelle cantine malsane che si immaginano quando si pensa al teatro di sperimentazione, e l\u00ec ho molto sperimentato. La danza, le discipline orientali. Tutto \u00e8 servito da humus per la successiva rinascita che mi attendeva. <\/em><\/strong><\/p>\n<p><strong><em>Dopo l\u2019universit\u00e0, ho deciso di lasciare la compagnia con cui mi esibivo da\u00a0cinque anni, perch\u00e9 lo spartiacque tra la passione e la professione si stava approfondendo e io non volevo che il teatro diventasse per me un lavoro. Cos\u00ec mi sono occupata di turismo, formazione e organizzazione di eventi per diversi anni, mentre la mia formazione teatrale, a latere, continuava con stage e lezioni. Ho vissuto a lungo a Roma &#8211; citt\u00e0 che adoro &#8211; senza mai perdere di vista il teatro. Infatti sono stata per anni redattrice di una rivista romana, \u201cVespertilla\u201d, e per un blog, \u201cSophia dalla notte\u201d. <\/em><\/strong><\/p>\n<p><strong><em>Ma a gennaio mi vedo costretta a rinunciare a Roma e al mio lavoro, per seguire il mio grande amore, che gi\u00e0 da mesi si era trasferito a Lecce. Passano mesi in cui mi muovo tra Londra e Napoli ed \u00e8 proprio in questi mesi che il progetto \u201cFiore di Pietra\u201d prende corpo e vita e inizia a creare dei personaggi, la statua bianca in primis e poi la primavera, Mary Poppins, Dorotea (la bambola di pezza) e la prossima sar\u00e0 Noel. <\/em><\/strong><\/p>\n<p><strong><em>La strada rappresenta la libert\u00e0 di esprimersi ed \u00e8 stata la culla della mia rinascita, chi l\u2019avrebbe mai detto? I miei sogni si stavano trasformando in realt\u00e0 e solo grazie ad una ferita che credevo incurabile, il mio distacco dalla vita romana. La strada \u00e8 un cantiere fatto di difficolt\u00e0 spesso, ma di una enorme quantit\u00e0 di solidariet\u00e0, di voglia di condivisione e di crescita continua. Si diventa una famiglia dai confini labili, una famiglia aperta in cui il comune dicitore unisce nell\u2019immediato, qui e ora, di uno scambio di idee o della condivisione di un numero\u00bb.<\/em><\/strong><\/p>\n<p>&#8211; A volte l\u2019accompagna una collega, giusto? Ci vuol parlare di lei?<\/p>\n<p><strong><em>&#8211; \u00ab\u201dFiore di Pietra\u201d sono io, ma anche Nunzia Russo, con cui partecipo a festival su tutto il territorio nazionale. Senza di lei e senza la gestazione napoletana, in cui entrambe ci siamo immerse, \u201cFiore di Pietra\u201d sarebbe rimasta un\u2019idea, ma per fortuna non \u00e8 cos\u00ec\u00bb.<\/em><\/strong><\/p>\n<p>&#8211;\u00a0Sappiamo che si esibisca anche fuori Lecce, per esempio, in ottobre \u00e8 stata a Cusano Mutri, in provincia di Benevento: quali saranno le sue prossime trasferte?<\/p>\n<p>&#8211;<em> \u00ab<strong>Tra poco dovr\u00f2 partecipare ad una performance a Formia, Latina, mentre il 20 dicembre sar\u00f2 a Porto Sant\u2019Elpidio, per prendere parte ad un importante festival di arte di strada<\/strong> (n.d.r.: trattasi del 1\u00b0 \u201cFestival delle Statue Viventi\u201d). <strong>Mi sposto spesso, anche perch\u00e9 partecipo volentieri a festival, per ora solo nazionali, ma poi chiss\u00e0\u2026 Inoltre lavoro per feste private di varia natura\u00bb.<\/strong><\/em><\/p>\n<p>&#8211; Nella Sua carriera, sar\u00e0 venuta in contatto con innumerevoli persone&#8230;Ci vuole raccontare due aneddoti, o due incontri, che maggiormente le stanno a cuore?<\/p>\n<p><strong><em>&#8211; \u00abQuest\u2019estate, proprio qui a Lecce, ho conosciuto artisti da tutto il mondo, in particolare una danz-attrice che veniva dal Brasile. Un sorriso enorme, che partiva dalla faccia, fino ad arrivare al cuore, mi ha contaminato facendomi forza e coraggio, proprio quando l\u2019entusiasmo dell\u2019inizio calava e le difficolt\u00e0 aumentavano. <\/em><\/strong><\/p>\n<p><strong><em>Non saprei neppure dire come, ma questa persona mi ha dato tutta l\u2019energia di cui necessitavo per giungere quasi intera alla fine della stagione estiva. Ogni giorno \u00e8 un incontro e Dorotea, per esempio, ha incontrato un mago, Mago Max, con cui \u00e8 giunta a creare uno spettacolo che esce dalla strada per entrare in teatro, al \u201cPaisiello\u201d per giunta, e cos\u00ec, quasi per gioco, \u00e8 cominciato un sodalizio artistico che \u00e8 andato in scena sotto il nome di \u201cMaghi e burattini\u201d. Chiss\u00e0 che da questo casuale incontro non nasca altro\u2026\u00bb<\/em><\/strong><\/p>\n<p><strong><em><\/em><\/strong>&#8211; Progetti per il futuro?<\/p>\n<p><strong><em>&#8211; \u00abDe Gregori scriveva: il futuro \u00e8 una palla di cannone accesa e noi lo stiamo quasi raggiungendo. Ed \u00e8 cos\u00ec che io vedo il futuro: come una grossa palla di cannone che mi spedir\u00e0 l\u00e0 dove devo andare. Per ora penso a creare nuovi personaggi, ma nell\u2019arco di tre anni, vorrei aprire uno spazio dedicato al teatro di strada, e non, in tutte le sue forme. Uno spazio di supporto ad artisti e compagnie, per provare per condividere e creare, ma anche uno spazio in cui trovare attrezzature e materiali necessari alla messinscena\u00bb.<\/em><\/strong><\/p>\n<p>&#8211; La domanda che non Le ho fatto?<\/p>\n<p><strong><em>&#8211; \u00abSe mi aspettavo che funzionasse? No, per nulla, quando ho dato le dimissioni dal mio lavoro d\u2019ufficio &#8211; e farlo con queste congiunture economiche, \u00e8 stata gi\u00e0 una grande prova -, vedevo solo il vuoto davanti a me, non avevo volont\u00e0 n\u00e9 prospettive e poi, la passione per l\u2019unica cosa che non mi ha mai tradita, che ha sempre continuato, in un modo o nell\u2019altro, a far parte di me, mi ha tirata fuori dal buio, offrendomi un punto di vista del tutto nuovo sulla mia vita, sul futuro e sull\u2019idea stessa di lavoro. No, non credevo che avrebbe funzionato&#8230; Eppure, inizio anche ad avere dei fan&#8230;\u00bb.<\/em><\/strong><\/p>\n<p>Infatti, avevamo gi\u00e0 notato che l\u2019artista ha una pagina Facebook&#8230;Precisiamo che a Lecce\u00a0\u00e8 solita esibirsi in via Vittorio Emanuele II, nei pressi della Galleria Maccagnani. dove\u00a0sar\u00e0 facile poterla ammirare nelle sue azioni artistiche teatrali, che regalano momenti di emozioni intense agli occasionali passanti.<\/p>\n<p>&nbsp;<\/p>\n<p>&nbsp;<\/p>\n<fb:like href='https:\/\/www.leccecronaca.it\/index.php\/2015\/12\/05\/una-giovane-artista-di-strada-racconta-a-leccecronaca-it-di-come-abbia-lasciato-il-lavoro-di-impiegata-e-gli-studi-per-seguire-il-suo-sogno-la-passione-per-il-teatro-e-l-unica-cosa-che-non-mi-ha\/' send='true' layout='button_count' show_faces='true' width='450' height='65' action='recommend' colorscheme='light' font='lucida grande'><\/fb:like><span class=\"fb_share\"><fb:like href=\"https:\/\/www.leccecronaca.it\/index.php\/2015\/12\/05\/una-giovane-artista-di-strada-racconta-a-leccecronaca-it-di-come-abbia-lasciato-il-lavoro-di-impiegata-e-gli-studi-per-seguire-il-suo-sogno-la-passione-per-il-teatro-e-l-unica-cosa-che-non-mi-ha\/\" layout=\"button_count\"><\/fb:like><\/span>","protected":false},"excerpt":{"rendered":"<p>di Carlo Infante______ Questa estate, a Lecce, all\u2019imbocco di Piazza Duomo, avevamo gi\u00e0 ammirato, circondati da adulti e, soprattutto, da bambini, la performance\u00a0di una giovane artista, \u201cFiore di Pietra\u201d (al secolo Concita Brunetti). Avendola nel frattempo di nuovo incrociata, abbiamo pensato di rintracciarla con calma, per poterle fare alcune domande. &#8220;Fiore di Pietra&#8221; ha accettato [&hellip;]<\/p>\n","protected":false},"author":4,"featured_media":66946,"comment_status":"open","ping_status":"closed","sticky":false,"template":"","format":"standard","meta":[],"categories":[31],"tags":[],"_links":{"self":[{"href":"https:\/\/www.leccecronaca.it\/index.php\/wp-json\/wp\/v2\/posts\/66940"}],"collection":[{"href":"https:\/\/www.leccecronaca.it\/index.php\/wp-json\/wp\/v2\/posts"}],"about":[{"href":"https:\/\/www.leccecronaca.it\/index.php\/wp-json\/wp\/v2\/types\/post"}],"author":[{"embeddable":true,"href":"https:\/\/www.leccecronaca.it\/index.php\/wp-json\/wp\/v2\/users\/4"}],"replies":[{"embeddable":true,"href":"https:\/\/www.leccecronaca.it\/index.php\/wp-json\/wp\/v2\/comments?post=66940"}],"version-history":[{"count":6,"href":"https:\/\/www.leccecronaca.it\/index.php\/wp-json\/wp\/v2\/posts\/66940\/revisions"}],"predecessor-version":[{"id":66949,"href":"https:\/\/www.leccecronaca.it\/index.php\/wp-json\/wp\/v2\/posts\/66940\/revisions\/66949"}],"wp:featuredmedia":[{"embeddable":true,"href":"https:\/\/www.leccecronaca.it\/index.php\/wp-json\/wp\/v2\/media\/66946"}],"wp:attachment":[{"href":"https:\/\/www.leccecronaca.it\/index.php\/wp-json\/wp\/v2\/media?parent=66940"}],"wp:term":[{"taxonomy":"category","embeddable":true,"href":"https:\/\/www.leccecronaca.it\/index.php\/wp-json\/wp\/v2\/categories?post=66940"},{"taxonomy":"post_tag","embeddable":true,"href":"https:\/\/www.leccecronaca.it\/index.php\/wp-json\/wp\/v2\/tags?post=66940"}],"curies":[{"name":"wp","href":"https:\/\/api.w.org\/{rel}","templated":true}]}}