{"id":67033,"date":"2015-12-03T01:43:02","date_gmt":"2015-12-03T00:43:02","guid":{"rendered":"http:\/\/www.leccecronaca.it\/?p=67033"},"modified":"2015-12-03T17:22:05","modified_gmt":"2015-12-03T16:22:05","slug":"diario-del-giorno-dopo-incontri-sergio-martella-su-alice-miller-a-lecce-venerdi-4","status":"publish","type":"post","link":"https:\/\/www.leccecronaca.it\/index.php\/2015\/12\/03\/diario-del-giorno-dopo-incontri-sergio-martella-su-alice-miller-a-lecce-venerdi-4\/","title":{"rendered":"DIARIO DEL GIORNO DOPO \/ INCONTRI \/ SERGIO MARTELLA SU ALICE MILLER A LECCE VENERDI&#8217; 4"},"content":{"rendered":"<p><a href=\"https:\/\/www.leccecronaca.it\/wordpress\/wp-content\/uploads\/2015\/12\/alice-miller.jpg\"><img decoding=\"async\" loading=\"lazy\" width=\"300\" height=\"190\" title=\"alice-miller\" class=\"alignleft size-medium wp-image-67034\" alt=\"\" src=\"https:\/\/www.leccecronaca.it\/wordpress\/wp-content\/uploads\/2015\/12\/alice-miller-300x190.jpg\" srcset=\"https:\/\/www.leccecronaca.it\/wordpress\/wp-content\/uploads\/2015\/12\/alice-miller-300x190.jpg 300w, https:\/\/www.leccecronaca.it\/wordpress\/wp-content\/uploads\/2015\/12\/alice-miller.jpg 600w\" sizes=\"(max-width: 300px) 100vw, 300px\" \/><\/a>Venerd\u00ec 4 dicembre, alle 17, a Lecce, presso la libreria Liberrima, in Corte dei Cicala, 1, lo psicoterapeuta Sergio Martella analizzer\u00e0 il saggio di Alice Miller, \u201cLa persecuzione del bambino\u201d,\u00a0dedicato all&#8217; educazione infantile.<\/p>\n<p>Alice Miller (nella foto), morta nel 2010,\u00a0\u00e8 stata una psicologa, psicoanalista e saggista svizzera Si \u00e8 occupata prevalentemente di psicologia dell&#8217;et\u00e0 evolutiva e degli esiti negativi che gli abusi psicofisici inflitti ai bambini e alle bambine, in particolare all&#8217;interno della famiglia, comportano nella crescita e nell&#8217;et\u00e0 adulta.<\/p>\n<p>Organizza\u00a0l&#8217; Associazione Arte e Psiche, per il ciclo &#8220;Un t\u00e8 con i grandi classici&#8221;.<\/p>\n<p>&nbsp;<\/p>\n<fb:like href='https:\/\/www.leccecronaca.it\/index.php\/2015\/12\/03\/diario-del-giorno-dopo-incontri-sergio-martella-su-alice-miller-a-lecce-venerdi-4\/' send='true' layout='button_count' show_faces='true' width='450' height='65' action='recommend' colorscheme='light' font='lucida grande'><\/fb:like><span class=\"fb_share\"><fb:like href=\"https:\/\/www.leccecronaca.it\/index.php\/2015\/12\/03\/diario-del-giorno-dopo-incontri-sergio-martella-su-alice-miller-a-lecce-venerdi-4\/\" layout=\"button_count\"><\/fb:like><\/span>","protected":false},"excerpt":{"rendered":"<p>Venerd\u00ec 4 dicembre, alle 17, a Lecce, presso la libreria Liberrima, in Corte dei Cicala, 1, lo psicoterapeuta Sergio Martella analizzer\u00e0 il saggio di Alice Miller, \u201cLa persecuzione del bambino\u201d,\u00a0dedicato all&#8217; educazione infantile. Alice Miller (nella foto), morta nel 2010,\u00a0\u00e8 stata una psicologa, psicoanalista e saggista svizzera Si \u00e8 occupata prevalentemente di psicologia dell&#8217;et\u00e0 evolutiva [&hellip;]<\/p>\n","protected":false},"author":4,"featured_media":67034,"comment_status":"open","ping_status":"closed","sticky":false,"template":"","format":"standard","meta":[],"categories":[75],"tags":[],"_links":{"self":[{"href":"https:\/\/www.leccecronaca.it\/index.php\/wp-json\/wp\/v2\/posts\/67033"}],"collection":[{"href":"https:\/\/www.leccecronaca.it\/index.php\/wp-json\/wp\/v2\/posts"}],"about":[{"href":"https:\/\/www.leccecronaca.it\/index.php\/wp-json\/wp\/v2\/types\/post"}],"author":[{"embeddable":true,"href":"https:\/\/www.leccecronaca.it\/index.php\/wp-json\/wp\/v2\/users\/4"}],"replies":[{"embeddable":true,"href":"https:\/\/www.leccecronaca.it\/index.php\/wp-json\/wp\/v2\/comments?post=67033"}],"version-history":[{"count":3,"href":"https:\/\/www.leccecronaca.it\/index.php\/wp-json\/wp\/v2\/posts\/67033\/revisions"}],"predecessor-version":[{"id":67036,"href":"https:\/\/www.leccecronaca.it\/index.php\/wp-json\/wp\/v2\/posts\/67033\/revisions\/67036"}],"wp:featuredmedia":[{"embeddable":true,"href":"https:\/\/www.leccecronaca.it\/index.php\/wp-json\/wp\/v2\/media\/67034"}],"wp:attachment":[{"href":"https:\/\/www.leccecronaca.it\/index.php\/wp-json\/wp\/v2\/media?parent=67033"}],"wp:term":[{"taxonomy":"category","embeddable":true,"href":"https:\/\/www.leccecronaca.it\/index.php\/wp-json\/wp\/v2\/categories?post=67033"},{"taxonomy":"post_tag","embeddable":true,"href":"https:\/\/www.leccecronaca.it\/index.php\/wp-json\/wp\/v2\/tags?post=67033"}],"curies":[{"name":"wp","href":"https:\/\/api.w.org\/{rel}","templated":true}]}}