{"id":67065,"date":"2015-12-03T13:52:05","date_gmt":"2015-12-03T12:52:05","guid":{"rendered":"http:\/\/www.leccecronaca.it\/?p=67065"},"modified":"2015-12-03T21:08:29","modified_gmt":"2015-12-03T20:08:29","slug":"biciclette-e-corsie-preferenziali","status":"publish","type":"post","link":"https:\/\/www.leccecronaca.it\/index.php\/2015\/12\/03\/biciclette-e-corsie-preferenziali\/","title":{"rendered":"BICICLETTE E CORSIE PREFERENZIALI"},"content":{"rendered":"<p><a href=\"https:\/\/www.leccecronaca.it\/wordpress\/wp-content\/uploads\/2015\/12\/infophoto_20120305_102638149_high_28072010MF7.jpg\"><img decoding=\"async\" loading=\"lazy\" width=\"300\" height=\"205\" title=\"infophoto_20120305_102638149_high_28072010MF7\" class=\"alignleft size-medium wp-image-67066\" alt=\"\" src=\"https:\/\/www.leccecronaca.it\/wordpress\/wp-content\/uploads\/2015\/12\/infophoto_20120305_102638149_high_28072010MF7-300x205.jpg\" srcset=\"https:\/\/www.leccecronaca.it\/wordpress\/wp-content\/uploads\/2015\/12\/infophoto_20120305_102638149_high_28072010MF7-300x205.jpg 300w, https:\/\/www.leccecronaca.it\/wordpress\/wp-content\/uploads\/2015\/12\/infophoto_20120305_102638149_high_28072010MF7.jpg 586w\" sizes=\"(max-width: 300px) 100vw, 300px\" \/><\/a>Riceviamo e volentieri pubblichiamo. Dall&#8217; ufficio &#8211; stampa dell&#8217; amministrazione comunale ci scrivono______<\/p>\n<p>Dopo l&#8217;esito positivo avvenuto lo scorso 11 settembre in occasione della Settimana Europea della Mobilit\u00e0, l&#8217;Assessorato al Traffico e alla Mobilit\u00e0 ha deciso di riproporre l&#8217;iniziativa relativa all&#8217;uso promiscuo della biciclette nelle corsie preferenziali della citt\u00e0. Per sei mesi, in via sperimentale, \u00e8 consentito \u201cil transito ai velocipedi, in deroga all&#8217;attuale disciplina di corsia riservata ai mezzi pubblici di trasporto\u201d, nei seguenti tratti di strada: viale Otranto, da viale Don Minzoni a via F. Cavallotti; via F. Cavallotti; via San Francesco d&#8217;Assisi; via G. Garibaldi; viale M. De Pietro, lato destro, da via G. Garibaldi a piazza dei Bastioni.<\/p>\n<p>Un&#8217;apposita richiesta era stata avanzata all&#8217;Amministrazione Comunale dall&#8217;Aci, dal Coni, dall&#8217;Usip Lecce e da quindici associazioni cittadine.<\/p>\n<p>\u201cAbbiamo accolto immediatamente e con gioia questa richiesta \u2013 ha affermato l&#8217;assessore al Traffico e alla Mobilit\u00e0, Luca Pasqualini \u2013 che va nella direzione da noi auspicata. Quella, cio\u00e8, di rendere questa citt\u00e0 sempre pi\u00f9 a misura d&#8217;uomo, puntando con decisione all&#8217;utilizzo di mezzi pubblici e della bicicletta e cercando di scoraggiare al contempo l&#8217;uso dei mezzi privati. Siamo certi che si possa vincere la sfida della cultura della mobilit\u00e0 sostenibile per far diventare Lecce una citt\u00e0 pi\u00f9 efficiente e vivibile\u201d.<\/p>\n<p>&nbsp;<\/p>\n<fb:like href='https:\/\/www.leccecronaca.it\/index.php\/2015\/12\/03\/biciclette-e-corsie-preferenziali\/' send='true' layout='button_count' show_faces='true' width='450' height='65' action='recommend' colorscheme='light' font='lucida grande'><\/fb:like><span class=\"fb_share\"><fb:like href=\"https:\/\/www.leccecronaca.it\/index.php\/2015\/12\/03\/biciclette-e-corsie-preferenziali\/\" layout=\"button_count\"><\/fb:like><\/span>","protected":false},"excerpt":{"rendered":"<p>Riceviamo e volentieri pubblichiamo. Dall&#8217; ufficio &#8211; stampa dell&#8217; amministrazione comunale ci scrivono______ Dopo l&#8217;esito positivo avvenuto lo scorso 11 settembre in occasione della Settimana Europea della Mobilit\u00e0, l&#8217;Assessorato al Traffico e alla Mobilit\u00e0 ha deciso di riproporre l&#8217;iniziativa relativa all&#8217;uso promiscuo della biciclette nelle corsie preferenziali della citt\u00e0. Per sei mesi, in via sperimentale, [&hellip;]<\/p>\n","protected":false},"author":4,"featured_media":67066,"comment_status":"open","ping_status":"closed","sticky":false,"template":"","format":"standard","meta":[],"categories":[36],"tags":[],"_links":{"self":[{"href":"https:\/\/www.leccecronaca.it\/index.php\/wp-json\/wp\/v2\/posts\/67065"}],"collection":[{"href":"https:\/\/www.leccecronaca.it\/index.php\/wp-json\/wp\/v2\/posts"}],"about":[{"href":"https:\/\/www.leccecronaca.it\/index.php\/wp-json\/wp\/v2\/types\/post"}],"author":[{"embeddable":true,"href":"https:\/\/www.leccecronaca.it\/index.php\/wp-json\/wp\/v2\/users\/4"}],"replies":[{"embeddable":true,"href":"https:\/\/www.leccecronaca.it\/index.php\/wp-json\/wp\/v2\/comments?post=67065"}],"version-history":[{"count":3,"href":"https:\/\/www.leccecronaca.it\/index.php\/wp-json\/wp\/v2\/posts\/67065\/revisions"}],"predecessor-version":[{"id":67068,"href":"https:\/\/www.leccecronaca.it\/index.php\/wp-json\/wp\/v2\/posts\/67065\/revisions\/67068"}],"wp:featuredmedia":[{"embeddable":true,"href":"https:\/\/www.leccecronaca.it\/index.php\/wp-json\/wp\/v2\/media\/67066"}],"wp:attachment":[{"href":"https:\/\/www.leccecronaca.it\/index.php\/wp-json\/wp\/v2\/media?parent=67065"}],"wp:term":[{"taxonomy":"category","embeddable":true,"href":"https:\/\/www.leccecronaca.it\/index.php\/wp-json\/wp\/v2\/categories?post=67065"},{"taxonomy":"post_tag","embeddable":true,"href":"https:\/\/www.leccecronaca.it\/index.php\/wp-json\/wp\/v2\/tags?post=67065"}],"curies":[{"name":"wp","href":"https:\/\/api.w.org\/{rel}","templated":true}]}}