{"id":67994,"date":"2015-12-13T14:38:33","date_gmt":"2015-12-13T13:38:33","guid":{"rendered":"http:\/\/www.leccecronaca.it\/?p=67994"},"modified":"2015-12-13T19:41:35","modified_gmt":"2015-12-13T18:41:35","slug":"una-tristezza-infinita-che-ha-bisogno-di-silenzio-e-riflessione-il-cordoglio-l-affetto-la-vicinanza-unanime-a-cristian-casili","status":"publish","type":"post","link":"https:\/\/www.leccecronaca.it\/index.php\/2015\/12\/13\/una-tristezza-infinita-che-ha-bisogno-di-silenzio-e-riflessione-il-cordoglio-l-affetto-la-vicinanza-unanime-a-cristian-casili\/","title":{"rendered":"&#8220;Una tristezza infinita che ha bisogno di silenzio e riflessione&#8221; &#8211; IL CORDOGLIO, L&#8217; AFFETTO, LA VICINANZA UNANIME A CRISTIAN CASILI"},"content":{"rendered":"<p><a href=\"https:\/\/www.leccecronaca.it\/wordpress\/wp-content\/uploads\/2015\/12\/12308283_10208465741904854_1794100085498030640_n.jpg\"><img decoding=\"async\" loading=\"lazy\" width=\"300\" height=\"300\" title=\"12308283_10208465741904854_1794100085498030640_n\" class=\"alignleft size-medium wp-image-68001\" alt=\"\" src=\"https:\/\/www.leccecronaca.it\/wordpress\/wp-content\/uploads\/2015\/12\/12308283_10208465741904854_1794100085498030640_n-300x300.jpg\" srcset=\"https:\/\/www.leccecronaca.it\/wordpress\/wp-content\/uploads\/2015\/12\/12308283_10208465741904854_1794100085498030640_n-300x300.jpg 300w, https:\/\/www.leccecronaca.it\/wordpress\/wp-content\/uploads\/2015\/12\/12308283_10208465741904854_1794100085498030640_n-150x150.jpg 150w, https:\/\/www.leccecronaca.it\/wordpress\/wp-content\/uploads\/2015\/12\/12308283_10208465741904854_1794100085498030640_n.jpg 914w\" sizes=\"(max-width: 300px) 100vw, 300px\" \/><\/a>(g.p.)______Non un politico, ma un dottore agronomo, appassionato della terra e del territorio, che la sua passione da alcuni anni ha trasferito in politica, e un cittadino attivo. Eletto la scorsa primavera in maniera trionfale in consiglio regionale, con quasi seimila preferenze, a Cristian Casili, 39 anni, di Nard\u00f2, adorato dalla comunit\u00e0 salentina del M5S, \u00e8 facile voler bene, al di l\u00e0 delle appartenenze partitiche, e tutti infatti gli vogliono bene, proprio per la sua passione, l&#8217; entusiasmo con cui ha affrontato tante battaglie, la sua competenza, la sua generosit\u00e0, la sua disponibilit\u00e0.<\/p>\n<p>In queste ore drammatiche, dopo l&#8217; immane tragedia che lo ha colpito, le manifestazioni di partecipazione al suo dolore sono tantissime e giungono da pi\u00f9 parti, in maniera sentita ed unanime.<\/p>\n<p>Diamo conto di alcune di esse.<\/p>\n<p>Gli attivisti salentini del M5S sono tutti in lutto. Dopo i tanti messaggi\u00a0&#8211;\u00a0 pur consapevoli che\u00a0di fronte a cose del genere nemmeno le parole possano esprimere quello che uno prova &#8211; di ieri sera, sui social network, in cui molti hanno messo l &#8216;immagine di un lumino, o di una coccarda listata a nero, oggi hanno annullato ogni manifestazione politica e hanno autoproclamato ventiquattro ore di silenzio. Cercano intanto di trovare i modi migliori per poter essere concretamente vicini al loro amico nei prossimi giorni.<\/p>\n<p>Il presidente della Regione Puglia Michele Emiliano e la Giunta regionale, con immenso dolore, esprimono cordoglio e vicinanza alle famiglie delle cinque vittime che hanno perso la vita nell&#8217;incidente avvenuto ieri sulla Strada statale 379: &#8220;<em>ci lasciano in una tristezza infinita che ha bisogno di silenzio e riflessione&#8221;.<\/em><\/p>\n<p>E ancora, in una nota successiva: &#8220;<em>Il presidente Michele Emiliano e la Giunta regionale esprimono le pi\u00f9 sentite condoglianze al consigliere regionale Cristian Casili e si stringono a lui fraternamente&#8221;.<\/em><\/p>\n<p>L\u2019assessore regionale Salvatore Negro, ha espresso profondo cordoglio e vicinanza:\u00a0\u201c<em>Una tragedia immane che ci lascia senza parole. Come genitori in particolare, ci sentiamo profondamente vicini al collega Casili e alla sua giovane moglie, ora ricoverata in ospedale, alla quale auguriamo di guarire presto. A loro va tutto il nostro affetto e la nostra solidariet\u00e0<\/em>\u201d.<\/p>\n<p>Il presidente del Consiglio regionale Mario Loizzo dal canto suo ha diffuso la seguente dichiarazione: &#8220;<em>Voglio esprimere il senso di totale sgomento per il terribile evento che ha colpito Cristian Casili e le famiglie Muscatello, Minerva e Orlandino. Siamo addolorati e costernati. Il Consiglio regionale si stringe al collega in un abbraccio fraterno ed \u00e8 vicino ai congiunti e parenti delle vittime, con cordoglio sincero ed umana partecipazione. Il pensiero va anche alla signora Casili, nell&#8217;ospedale di Brindisi. Siamo con lei&#8221;.<\/em><\/p>\n<p>Ma sono decine i pensieri che i politici salentini\u00a0e pugliesi hanno affidato ai social network.<\/p>\n<p>In una nota ufficiale,\u00a0il sindaco di Nard\u00f2,\u00a0Marcello Risi, ha proclamato il lutto cittadino: \u2018<em>Tutta la citt\u00e0 si stringe, colpita e commossa, attorno a Cristian. Preghiamo per la dolcissima bambina e per le altre vittime&#8221;.<\/em><\/p>\n<p>&nbsp;<\/p>\n<p>&nbsp;<\/p>\n<p>&nbsp;<\/p>\n<fb:like href='https:\/\/www.leccecronaca.it\/index.php\/2015\/12\/13\/una-tristezza-infinita-che-ha-bisogno-di-silenzio-e-riflessione-il-cordoglio-l-affetto-la-vicinanza-unanime-a-cristian-casili\/' send='true' layout='button_count' show_faces='true' width='450' height='65' action='recommend' colorscheme='light' font='lucida grande'><\/fb:like><span class=\"fb_share\"><fb:like href=\"https:\/\/www.leccecronaca.it\/index.php\/2015\/12\/13\/una-tristezza-infinita-che-ha-bisogno-di-silenzio-e-riflessione-il-cordoglio-l-affetto-la-vicinanza-unanime-a-cristian-casili\/\" layout=\"button_count\"><\/fb:like><\/span>","protected":false},"excerpt":{"rendered":"<p>(g.p.)______Non un politico, ma un dottore agronomo, appassionato della terra e del territorio, che la sua passione da alcuni anni ha trasferito in politica, e un cittadino attivo. Eletto la scorsa primavera in maniera trionfale in consiglio regionale, con quasi seimila preferenze, a Cristian Casili, 39 anni, di Nard\u00f2, adorato dalla comunit\u00e0 salentina del M5S, [&hellip;]<\/p>\n","protected":false},"author":4,"featured_media":68001,"comment_status":"open","ping_status":"closed","sticky":false,"template":"","format":"standard","meta":[],"categories":[69],"tags":[],"_links":{"self":[{"href":"https:\/\/www.leccecronaca.it\/index.php\/wp-json\/wp\/v2\/posts\/67994"}],"collection":[{"href":"https:\/\/www.leccecronaca.it\/index.php\/wp-json\/wp\/v2\/posts"}],"about":[{"href":"https:\/\/www.leccecronaca.it\/index.php\/wp-json\/wp\/v2\/types\/post"}],"author":[{"embeddable":true,"href":"https:\/\/www.leccecronaca.it\/index.php\/wp-json\/wp\/v2\/users\/4"}],"replies":[{"embeddable":true,"href":"https:\/\/www.leccecronaca.it\/index.php\/wp-json\/wp\/v2\/comments?post=67994"}],"version-history":[{"count":5,"href":"https:\/\/www.leccecronaca.it\/index.php\/wp-json\/wp\/v2\/posts\/67994\/revisions"}],"predecessor-version":[{"id":68003,"href":"https:\/\/www.leccecronaca.it\/index.php\/wp-json\/wp\/v2\/posts\/67994\/revisions\/68003"}],"wp:featuredmedia":[{"embeddable":true,"href":"https:\/\/www.leccecronaca.it\/index.php\/wp-json\/wp\/v2\/media\/68001"}],"wp:attachment":[{"href":"https:\/\/www.leccecronaca.it\/index.php\/wp-json\/wp\/v2\/media?parent=67994"}],"wp:term":[{"taxonomy":"category","embeddable":true,"href":"https:\/\/www.leccecronaca.it\/index.php\/wp-json\/wp\/v2\/categories?post=67994"},{"taxonomy":"post_tag","embeddable":true,"href":"https:\/\/www.leccecronaca.it\/index.php\/wp-json\/wp\/v2\/tags?post=67994"}],"curies":[{"name":"wp","href":"https:\/\/api.w.org\/{rel}","templated":true}]}}